{"id":2185,"date":"2015-06-30T15:06:35","date_gmt":"2015-06-30T13:06:35","guid":{"rendered":"http:\/\/www.pilatre-de-rozier.com\/en\/?p=2185"},"modified":"2015-06-30T15:06:35","modified_gmt":"2015-06-30T13:06:35","slug":"veterans-of-chambley-at-lmab15","status":"publish","type":"post","link":"https:\/\/www.pilatre-de-rozier.com\/en\/blog\/2015\/06\/veterans-of-chambley-at-lmab15\/","title":{"rendered":"Veterans of Chambley at #LMAB15"},"content":{"rendered":"<p><span style=\"color: #000000\">Under the lead of the President of the CAB-F association, <strong>Bob Sisk<\/strong>, a <strong>veteran of Chambley Air Base France<\/strong>, a US delegation will be present again during <a href=\"http:\/\/www.pilatre-de-rozier.com\/lmab\" target=\"_blank\">LMAB\u00ae 2015<\/a>. The Veterans Association heavily supports the area of the museum <a href=\"http:\/\/www.pilatre-de-rozier.com\/en\/balloons\/aeromusee\/\" target=\"_blank\">\u201cA\u00e9romus\u00e9e Pil\u00e2tre de Rozier\u201d<\/a> dedicated to the air base history from 1954 to 1967. They kept their promise with the arrival of new pieces a few days ago. You will discover period clothing: regalia costume, pilot suit from Colonel George Stokes, who died recently and hero of several wars.<\/span><\/p>\n<p><img decoding=\"async\" class=\"aligncenter wp-image-2182 size-large lazyload\" title=\"Photo by A.Even\" data-src=\"http:\/\/www.pilatre-de-rozier.com\/wp-content\/uploads\/2015\/06\/Mus\u00e9e-A.Even_-1024x573.jpg\" alt=\"\" width=\"967\" height=\"541\" data-srcset=\"https:\/\/www.pilatre-de-rozier.com\/wp-content\/uploads\/2015\/06\/Mus\u00e9e-A.Even_.jpg 1024w, https:\/\/www.pilatre-de-rozier.com\/wp-content\/uploads\/2015\/06\/Mus\u00e9e-A.Even_-300x168.jpg 300w, https:\/\/www.pilatre-de-rozier.com\/wp-content\/uploads\/2015\/06\/Mus\u00e9e-A.Even_-768x430.jpg 768w, https:\/\/www.pilatre-de-rozier.com\/wp-content\/uploads\/2015\/06\/Mus\u00e9e-A.Even_-270x151.jpg 270w, https:\/\/www.pilatre-de-rozier.com\/wp-content\/uploads\/2015\/06\/Mus\u00e9e-A.Even_-370x207.jpg 370w, https:\/\/www.pilatre-de-rozier.com\/wp-content\/uploads\/2015\/06\/Mus\u00e9e-A.Even_-360x201.jpg 360w, https:\/\/www.pilatre-de-rozier.com\/wp-content\/uploads\/2015\/06\/Mus\u00e9e-A.Even_-263x147.jpg 263w\" data-sizes=\"(max-width: 967px) 100vw, 967px\" src=\"data:image\/svg+xml;base64,PHN2ZyB3aWR0aD0iMSIgaGVpZ2h0PSIxIiB4bWxucz0iaHR0cDovL3d3dy53My5vcmcvMjAwMC9zdmciPjwvc3ZnPg==\" style=\"--smush-placeholder-width: 967px; --smush-placeholder-aspect-ratio: 967\/541;\" \/><\/p>\n","protected":false},"excerpt":{"rendered":"<p>Under the lead of the President of the CAB-F association, Bob Sisk, a veteran of Chambley Air Base France, a US delegation&#8230;<\/p>\n","protected":false},"author":4,"featured_media":2183,"comment_status":"closed","ping_status":"open","sticky":false,"template":"","format":"standard","meta":{"_et_pb_use_builder":"","_et_pb_old_content":"","_et_gb_content_width":"","footnotes":""},"categories":[14],"tags":[],"class_list":["post-2185","post","type-post","status-publish","format-standard","has-post-thumbnail","hentry","category-news"],"_links":{"self":[{"href":"https:\/\/www.pilatre-de-rozier.com\/en\/wp-json\/wp\/v2\/posts\/2185","targetHints":{"allow":["GET"]}}],"collection":[{"href":"https:\/\/www.pilatre-de-rozier.com\/en\/wp-json\/wp\/v2\/posts"}],"about":[{"href":"https:\/\/www.pilatre-de-rozier.com\/en\/wp-json\/wp\/v2\/types\/post"}],"author":[{"embeddable":true,"href":"https:\/\/www.pilatre-de-rozier.com\/en\/wp-json\/wp\/v2\/users\/4"}],"replies":[{"embeddable":true,"href":"https:\/\/www.pilatre-de-rozier.com\/en\/wp-json\/wp\/v2\/comments?post=2185"}],"version-history":[{"count":1,"href":"https:\/\/www.pilatre-de-rozier.com\/en\/wp-json\/wp\/v2\/posts\/2185\/revisions"}],"predecessor-version":[{"id":2186,"href":"https:\/\/www.pilatre-de-rozier.com\/en\/wp-json\/wp\/v2\/posts\/2185\/revisions\/2186"}],"wp:featuredmedia":[{"embeddable":true,"href":"https:\/\/www.pilatre-de-rozier.com\/en\/wp-json\/wp\/v2\/media\/2183"}],"wp:attachment":[{"href":"https:\/\/www.pilatre-de-rozier.com\/en\/wp-json\/wp\/v2\/media?parent=2185"}],"wp:term":[{"taxonomy":"category","embeddable":true,"href":"https:\/\/www.pilatre-de-rozier.com\/en\/wp-json\/wp\/v2\/categories?post=2185"},{"taxonomy":"post_tag","embeddable":true,"href":"https:\/\/www.pilatre-de-rozier.com\/en\/wp-json\/wp\/v2\/tags?post=2185"}],"curies":[{"name":"wp","href":"https:\/\/api.w.org\/{rel}","templated":true}]}}