{"id":1003,"date":"2013-08-04T11:30:14","date_gmt":"2013-08-04T10:30:14","guid":{"rendered":"http:\/\/www.pilatre-de-rozier.com\/lmab\/?p=1003"},"modified":"2014-11-20T11:28:55","modified_gmt":"2014-11-20T10:28:55","slug":"edito-du-4-aout-2013","status":"publish","type":"post","link":"https:\/\/www.pilatre-de-rozier.com\/lmab\/2013\/08\/04\/edito-du-4-aout-2013\/","title":{"rendered":"Edito du 4 ao\u00fbt 2013"},"content":{"rendered":"<p>Le Lorraine Mondial Air Ballons\u00ae 2013 demeure le plus grand rassemblement au monde de montgolfi\u00e8res\u2026 La 13e \u00e9dition qui s\u2019ach\u00e8ve dimanche 4 ao\u00fbt sur Chambley Planet\u2019Air (Meurthe-et-Moselle &#8211; Lorraine &#8211; France) a accumul\u00e9 les records, mais a d\u00fb affronter des changements m\u00e9t\u00e9os, de la mini tornade au d\u00e9but de la canicule. Le week-end de cl\u00f4ture devrait \u00eatre \u00e9pargn\u00e9 par le vent.<\/p>\n<p><img decoding=\"async\" class=\"alignnone wp-image-1436 lazyload\" title=\"A.Even\" data-src=\"http:\/\/62.210.92.201\/lmab\/wp-content\/uploads\/sites\/2\/2013\/08\/Interieur_Ballon-A.Even_.jpg\" alt=\"\" width=\"729\" height=\"486\" data-srcset=\"https:\/\/www.pilatre-de-rozier.com\/lmab\/wp-content\/uploads\/sites\/2\/2013\/08\/Interieur_Ballon-A.Even_.jpg 1024w, https:\/\/www.pilatre-de-rozier.com\/lmab\/wp-content\/uploads\/sites\/2\/2013\/08\/Interieur_Ballon-A.Even_-555x370.jpg 555w, https:\/\/www.pilatre-de-rozier.com\/lmab\/wp-content\/uploads\/sites\/2\/2013\/08\/Interieur_Ballon-A.Even_-768x512.jpg 768w, https:\/\/www.pilatre-de-rozier.com\/lmab\/wp-content\/uploads\/sites\/2\/2013\/08\/Interieur_Ballon-A.Even_-800x534.jpg 800w, https:\/\/www.pilatre-de-rozier.com\/lmab\/wp-content\/uploads\/sites\/2\/2013\/08\/Interieur_Ballon-A.Even_-600x400.jpg 600w\" data-sizes=\"(max-width: 729px) 100vw, 729px\" src=\"data:image\/svg+xml;base64,PHN2ZyB3aWR0aD0iMSIgaGVpZ2h0PSIxIiB4bWxucz0iaHR0cDovL3d3dy53My5vcmcvMjAwMC9zdmciPjwvc3ZnPg==\" style=\"--smush-placeholder-width: 729px; --smush-placeholder-aspect-ratio: 729\/486;\" \/><\/p>\n","protected":false},"excerpt":{"rendered":"<p>Le Lorraine Mondial Air Ballons\u00ae 2013 demeure le plus grand rassemblement au monde de montgolfi\u00e8res\u2026 La 13e \u00e9dition qui s\u2019ach\u00e8ve dimanche 4 ao\u00fbt sur Chambley Planet\u2019Air (Meurthe-et-Moselle &#8211; Lorraine &#8211; France) a accumul\u00e9 les records, mais a d\u00fb affronter des changements m\u00e9t\u00e9os, de la mini tornade au d\u00e9but de la canicule. Le week-end de cl\u00f4ture [&hellip;]<\/p>\n","protected":false},"author":4,"featured_media":0,"comment_status":"open","ping_status":"open","sticky":false,"template":"","format":"standard","meta":{"_et_pb_use_builder":"","_et_pb_old_content":"","_et_gb_content_width":"","footnotes":""},"categories":[1],"tags":[],"class_list":["post-1003","post","type-post","status-publish","format-standard","hentry","category-actu"],"_links":{"self":[{"href":"https:\/\/www.pilatre-de-rozier.com\/lmab\/wp-json\/wp\/v2\/posts\/1003","targetHints":{"allow":["GET"]}}],"collection":[{"href":"https:\/\/www.pilatre-de-rozier.com\/lmab\/wp-json\/wp\/v2\/posts"}],"about":[{"href":"https:\/\/www.pilatre-de-rozier.com\/lmab\/wp-json\/wp\/v2\/types\/post"}],"author":[{"embeddable":true,"href":"https:\/\/www.pilatre-de-rozier.com\/lmab\/wp-json\/wp\/v2\/users\/4"}],"replies":[{"embeddable":true,"href":"https:\/\/www.pilatre-de-rozier.com\/lmab\/wp-json\/wp\/v2\/comments?post=1003"}],"version-history":[{"count":2,"href":"https:\/\/www.pilatre-de-rozier.com\/lmab\/wp-json\/wp\/v2\/posts\/1003\/revisions"}],"predecessor-version":[{"id":1437,"href":"https:\/\/www.pilatre-de-rozier.com\/lmab\/wp-json\/wp\/v2\/posts\/1003\/revisions\/1437"}],"wp:attachment":[{"href":"https:\/\/www.pilatre-de-rozier.com\/lmab\/wp-json\/wp\/v2\/media?parent=1003"}],"wp:term":[{"taxonomy":"category","embeddable":true,"href":"https:\/\/www.pilatre-de-rozier.com\/lmab\/wp-json\/wp\/v2\/categories?post=1003"},{"taxonomy":"post_tag","embeddable":true,"href":"https:\/\/www.pilatre-de-rozier.com\/lmab\/wp-json\/wp\/v2\/tags?post=1003"}],"curies":[{"name":"wp","href":"https:\/\/api.w.org\/{rel}","templated":true}]}}