{"id":1047,"date":"2013-07-11T11:00:30","date_gmt":"2013-07-11T10:00:30","guid":{"rendered":"http:\/\/www.pilatre-de-rozier.com\/lmab\/?p=1047"},"modified":"2014-11-21T11:36:19","modified_gmt":"2014-11-21T10:36:19","slug":"les-bureaux-se-transforment","status":"publish","type":"post","link":"https:\/\/www.pilatre-de-rozier.com\/lmab\/2013\/07\/11\/les-bureaux-se-transforment\/","title":{"rendered":"Les bureaux se transforment"},"content":{"rendered":"<p>A l\u2019approche du Lorraine Mondial Air Ballons\u00ae, une activit\u00e9 intense r\u00e8gne dans les bureaux et hangars de Pil\u00e2tre de Rozier Organisation. Sept jours sur sept, les \u00e9quipes se relaient pour mettre au point les derniers d\u00e9tails de la 13\u00e8 \u00e9dition. Un pari ambitieux que de terminer \u00e0 temps, \u00e0 l\u2019heure o\u00f9 arriveront les premiers pilotes, sans doute venus des \u00c9tats-Unis.<\/p>\n<p><img decoding=\"async\" class=\"alignnone wp-image-1492 lazyload\" title=\"Hangars - N.Walster\" data-src=\"http:\/\/62.210.92.201\/lmab\/wp-content\/uploads\/sites\/2\/2013\/07\/N.Walster-Hangars.jpg\" alt=\"\" width=\"879\" height=\"600\" data-srcset=\"https:\/\/www.pilatre-de-rozier.com\/lmab\/wp-content\/uploads\/sites\/2\/2013\/07\/N.Walster-Hangars.jpg 3308w, https:\/\/www.pilatre-de-rozier.com\/lmab\/wp-content\/uploads\/sites\/2\/2013\/07\/N.Walster-Hangars-555x378.jpg 555w, https:\/\/www.pilatre-de-rozier.com\/lmab\/wp-content\/uploads\/sites\/2\/2013\/07\/N.Walster-Hangars-768x524.jpg 768w, https:\/\/www.pilatre-de-rozier.com\/lmab\/wp-content\/uploads\/sites\/2\/2013\/07\/N.Walster-Hangars-800x545.jpg 800w, https:\/\/www.pilatre-de-rozier.com\/lmab\/wp-content\/uploads\/sites\/2\/2013\/07\/N.Walster-Hangars-1920x1309.jpg 1920w, https:\/\/www.pilatre-de-rozier.com\/lmab\/wp-content\/uploads\/sites\/2\/2013\/07\/N.Walster-Hangars-600x409.jpg 600w\" data-sizes=\"(max-width: 879px) 100vw, 879px\" src=\"data:image\/svg+xml;base64,PHN2ZyB3aWR0aD0iMSIgaGVpZ2h0PSIxIiB4bWxucz0iaHR0cDovL3d3dy53My5vcmcvMjAwMC9zdmciPjwvc3ZnPg==\" style=\"--smush-placeholder-width: 879px; --smush-placeholder-aspect-ratio: 879\/600;\" \/><\/p>\n","protected":false},"excerpt":{"rendered":"<p>A l\u2019approche du Lorraine Mondial Air Ballons\u00ae, une activit\u00e9 intense r\u00e8gne dans les bureaux et hangars de Pil\u00e2tre de Rozier Organisation. Sept jours sur sept, les \u00e9quipes se relaient pour mettre au point les derniers d\u00e9tails de la 13\u00e8 \u00e9dition. Un pari ambitieux que de terminer \u00e0 temps, \u00e0 l\u2019heure o\u00f9 arriveront les premiers pilotes, [&hellip;]<\/p>\n","protected":false},"author":4,"featured_media":0,"comment_status":"open","ping_status":"open","sticky":false,"template":"","format":"standard","meta":{"_et_pb_use_builder":"","_et_pb_old_content":"","_et_gb_content_width":"","footnotes":""},"categories":[1],"tags":[],"class_list":["post-1047","post","type-post","status-publish","format-standard","hentry","category-actu"],"_links":{"self":[{"href":"https:\/\/www.pilatre-de-rozier.com\/lmab\/wp-json\/wp\/v2\/posts\/1047","targetHints":{"allow":["GET"]}}],"collection":[{"href":"https:\/\/www.pilatre-de-rozier.com\/lmab\/wp-json\/wp\/v2\/posts"}],"about":[{"href":"https:\/\/www.pilatre-de-rozier.com\/lmab\/wp-json\/wp\/v2\/types\/post"}],"author":[{"embeddable":true,"href":"https:\/\/www.pilatre-de-rozier.com\/lmab\/wp-json\/wp\/v2\/users\/4"}],"replies":[{"embeddable":true,"href":"https:\/\/www.pilatre-de-rozier.com\/lmab\/wp-json\/wp\/v2\/comments?post=1047"}],"version-history":[{"count":2,"href":"https:\/\/www.pilatre-de-rozier.com\/lmab\/wp-json\/wp\/v2\/posts\/1047\/revisions"}],"predecessor-version":[{"id":1494,"href":"https:\/\/www.pilatre-de-rozier.com\/lmab\/wp-json\/wp\/v2\/posts\/1047\/revisions\/1494"}],"wp:attachment":[{"href":"https:\/\/www.pilatre-de-rozier.com\/lmab\/wp-json\/wp\/v2\/media?parent=1047"}],"wp:term":[{"taxonomy":"category","embeddable":true,"href":"https:\/\/www.pilatre-de-rozier.com\/lmab\/wp-json\/wp\/v2\/categories?post=1047"},{"taxonomy":"post_tag","embeddable":true,"href":"https:\/\/www.pilatre-de-rozier.com\/lmab\/wp-json\/wp\/v2\/tags?post=1047"}],"curies":[{"name":"wp","href":"https:\/\/api.w.org\/{rel}","templated":true}]}}