{"id":1062,"date":"2013-04-15T14:00:24","date_gmt":"2013-04-15T13:00:24","guid":{"rendered":"http:\/\/www.pilatre-de-rozier.com\/lmab\/?p=1062"},"modified":"2014-10-30T14:46:24","modified_gmt":"2014-10-30T13:46:24","slug":"les-reseaux-sociaux","status":"publish","type":"post","link":"https:\/\/www.pilatre-de-rozier.com\/lmab\/2013\/04\/15\/les-reseaux-sociaux\/","title":{"rendered":"Sur les r\u00e9seaux sociaux"},"content":{"rendered":"<p>On peut retrouver Pil\u00e2tre de Rozier Organisation et sa manifestation Lorraine Mondial Air Ballons\u00ae sur de nombreux r\u00e9seaux sociaux et communautaires \u00e0 commencer par Facebook. Et pendant l\u2019\u00e9v\u00e9nement de juillet prochain, se rajouteront l\u2019 \u00ab A\u00e9roFil \u00bb, le journal quotidien et \u00ab Good Morning Chambley \u00bb, la radio du LMAB. L\u2019esprit Pil\u00e2tre de Rozier d\u00e9clin\u00e9 sur tous les supports de communication \u00ab Au-del\u00e0 du r\u00eave \u00bb et dans le monde entier.<\/p>\n","protected":false},"excerpt":{"rendered":"<p>On peut retrouver Pil\u00e2tre de Rozier Organisation et sa manifestation Lorraine Mondial Air Ballons\u00ae sur de nombreux r\u00e9seaux sociaux et communautaires \u00e0 commencer par Facebook. Et pendant l\u2019\u00e9v\u00e9nement de juillet prochain, se rajouteront l\u2019 \u00ab A\u00e9roFil \u00bb, le journal quotidien et \u00ab Good Morning Chambley \u00bb, la radio du LMAB. L\u2019esprit Pil\u00e2tre de Rozier d\u00e9clin\u00e9 [&hellip;]<\/p>\n","protected":false},"author":4,"featured_media":0,"comment_status":"open","ping_status":"open","sticky":false,"template":"","format":"standard","meta":{"_et_pb_use_builder":"","_et_pb_old_content":"","_et_gb_content_width":"","footnotes":""},"categories":[1],"tags":[],"class_list":["post-1062","post","type-post","status-publish","format-standard","hentry","category-actu"],"_links":{"self":[{"href":"https:\/\/www.pilatre-de-rozier.com\/lmab\/wp-json\/wp\/v2\/posts\/1062","targetHints":{"allow":["GET"]}}],"collection":[{"href":"https:\/\/www.pilatre-de-rozier.com\/lmab\/wp-json\/wp\/v2\/posts"}],"about":[{"href":"https:\/\/www.pilatre-de-rozier.com\/lmab\/wp-json\/wp\/v2\/types\/post"}],"author":[{"embeddable":true,"href":"https:\/\/www.pilatre-de-rozier.com\/lmab\/wp-json\/wp\/v2\/users\/4"}],"replies":[{"embeddable":true,"href":"https:\/\/www.pilatre-de-rozier.com\/lmab\/wp-json\/wp\/v2\/comments?post=1062"}],"version-history":[{"count":1,"href":"https:\/\/www.pilatre-de-rozier.com\/lmab\/wp-json\/wp\/v2\/posts\/1062\/revisions"}],"predecessor-version":[{"id":1063,"href":"https:\/\/www.pilatre-de-rozier.com\/lmab\/wp-json\/wp\/v2\/posts\/1062\/revisions\/1063"}],"wp:attachment":[{"href":"https:\/\/www.pilatre-de-rozier.com\/lmab\/wp-json\/wp\/v2\/media?parent=1062"}],"wp:term":[{"taxonomy":"category","embeddable":true,"href":"https:\/\/www.pilatre-de-rozier.com\/lmab\/wp-json\/wp\/v2\/categories?post=1062"},{"taxonomy":"post_tag","embeddable":true,"href":"https:\/\/www.pilatre-de-rozier.com\/lmab\/wp-json\/wp\/v2\/tags?post=1062"}],"curies":[{"name":"wp","href":"https:\/\/api.w.org\/{rel}","templated":true}]}}