{"id":1066,"date":"2013-02-04T14:00:01","date_gmt":"2013-02-04T13:00:01","guid":{"rendered":"http:\/\/www.pilatre-de-rozier.com\/lmab\/?p=1066"},"modified":"2014-10-30T14:50:35","modified_gmt":"2014-10-30T13:50:35","slug":"170-jours","status":"publish","type":"post","link":"https:\/\/www.pilatre-de-rozier.com\/lmab\/2013\/02\/04\/170-jours\/","title":{"rendered":"Plus que 170 jours"},"content":{"rendered":"<p>Parmi les activit\u00e9s phares de Pil\u00e2tre de Rozier Organisation, le Lorraine Mondial Air Ballons constitue une place de choix. L\u2019\u00e9v\u00e9nement qui se d\u00e9roulera du 26 juillet au 4 ao\u00fbt prochain se pr\u00e9pare d\u00e9j\u00e0 depuis pr\u00e8s d\u2019un an. Ce sera une grande f\u00eate \u00ab Au-del\u00e0 du r\u00eave \u00bb. Dans 170 jours le rideau se l\u00e8vera sur la 13\u00e8 \u00e9dition.<\/p>\n","protected":false},"excerpt":{"rendered":"<p>Parmi les activit\u00e9s phares de Pil\u00e2tre de Rozier Organisation, le Lorraine Mondial Air Ballons constitue une place de choix. L\u2019\u00e9v\u00e9nement qui se d\u00e9roulera du 26 juillet au 4 ao\u00fbt prochain se pr\u00e9pare d\u00e9j\u00e0 depuis pr\u00e8s d\u2019un an. Ce sera une grande f\u00eate \u00ab Au-del\u00e0 du r\u00eave \u00bb. Dans 170 jours le rideau se l\u00e8vera sur [&hellip;]<\/p>\n","protected":false},"author":4,"featured_media":0,"comment_status":"open","ping_status":"open","sticky":false,"template":"","format":"standard","meta":{"_et_pb_use_builder":"","_et_pb_old_content":"","_et_gb_content_width":"","footnotes":""},"categories":[1],"tags":[],"class_list":["post-1066","post","type-post","status-publish","format-standard","hentry","category-actu"],"_links":{"self":[{"href":"https:\/\/www.pilatre-de-rozier.com\/lmab\/wp-json\/wp\/v2\/posts\/1066","targetHints":{"allow":["GET"]}}],"collection":[{"href":"https:\/\/www.pilatre-de-rozier.com\/lmab\/wp-json\/wp\/v2\/posts"}],"about":[{"href":"https:\/\/www.pilatre-de-rozier.com\/lmab\/wp-json\/wp\/v2\/types\/post"}],"author":[{"embeddable":true,"href":"https:\/\/www.pilatre-de-rozier.com\/lmab\/wp-json\/wp\/v2\/users\/4"}],"replies":[{"embeddable":true,"href":"https:\/\/www.pilatre-de-rozier.com\/lmab\/wp-json\/wp\/v2\/comments?post=1066"}],"version-history":[{"count":1,"href":"https:\/\/www.pilatre-de-rozier.com\/lmab\/wp-json\/wp\/v2\/posts\/1066\/revisions"}],"predecessor-version":[{"id":1067,"href":"https:\/\/www.pilatre-de-rozier.com\/lmab\/wp-json\/wp\/v2\/posts\/1066\/revisions\/1067"}],"wp:attachment":[{"href":"https:\/\/www.pilatre-de-rozier.com\/lmab\/wp-json\/wp\/v2\/media?parent=1066"}],"wp:term":[{"taxonomy":"category","embeddable":true,"href":"https:\/\/www.pilatre-de-rozier.com\/lmab\/wp-json\/wp\/v2\/categories?post=1066"},{"taxonomy":"post_tag","embeddable":true,"href":"https:\/\/www.pilatre-de-rozier.com\/lmab\/wp-json\/wp\/v2\/tags?post=1066"}],"curies":[{"name":"wp","href":"https:\/\/api.w.org\/{rel}","templated":true}]}}