{"id":13758,"date":"2022-02-02T10:33:53","date_gmt":"2022-02-02T09:33:53","guid":{"rendered":"https:\/\/www.pilatre-de-rozier.com\/lmab\/?p=13758"},"modified":"2022-02-02T10:34:24","modified_gmt":"2022-02-02T09:34:24","slug":"la-veste-pilote-du-gemab-numero-un-de-la-communication","status":"publish","type":"post","link":"https:\/\/www.pilatre-de-rozier.com\/lmab\/2022\/02\/02\/la-veste-pilote-du-gemab-numero-un-de-la-communication\/","title":{"rendered":"La veste pilote du GEMAB num\u00e9ro \u201cun\u201d de la communication"},"content":{"rendered":"\n<h3 class=\"wp-block-heading\"><strong>La veste pilote du GEMAB num\u00e9ro \u201cun\u201d de la communication<\/strong><\/h3>\n\n\n\n<p>Ah les fameuses vestes pilotes brod\u00e9es qui sont offertes aux centaines de pilotes qui s\u2019inscrivent au GEMAB ! Au gr\u00e9 des \u00e9ditions, elles ont \u00e9t\u00e9 noires, rouges, bleues, marrons, kakis, on les retrouve sur bon nombre de photos dans le monde entier. Elles sont l\u00e9g\u00e8res, g\u00e9n\u00e9ralement en coton, disposant de plusieurs poches (dont celle indispensable pour le smartphone). Sur le buste on y voit un marquage \u201cPilote\u201d et le logo de Pil\u00e2tre de Rozier. Au dos, l\u2019organisation met un point d\u2019honneur \u00e0 d\u00e9cliner le visuel de l\u2019ann\u00e9e. Bien entendu, m\u00eame les \u00e9l\u00e8ves pilotes et les amoureux de la montgolfi\u00e8re n\u2019h\u00e9sitent pas \u00e0 les acheter. Dans la boutique de vente en ligne, c\u2019est certainement le v\u00eatement qui a le plus de succ\u00e8s. Et supr\u00eame honneur, les ambassadeurs Pil\u00e2tre de Rozier\/Gemab de l\u2019\u00e9dition ont en plus une personnalisation&nbsp; avec leur pr\u00e9nom et nom et le drapeau de leur pays. Apr\u00e8s les 17 \u00e9ditions, d\u00e9j\u00e0 organis\u00e9es,&nbsp; c\u2019est l\u2019occasion de faire une collection.<\/p>\n","protected":false},"excerpt":{"rendered":"<p>La veste pilote du GEMAB num\u00e9ro \u201cun\u201d de la communication Ah les fameuses vestes pilotes brod\u00e9es qui sont offertes aux centaines de pilotes qui s\u2019inscrivent au GEMAB ! Au gr\u00e9 des \u00e9ditions, elles ont \u00e9t\u00e9 noires, rouges, bleues, marrons, kakis, on les retrouve sur bon nombre de photos dans le monde entier. Elles sont l\u00e9g\u00e8res, [&hellip;]<\/p>\n","protected":false},"author":4,"featured_media":13759,"comment_status":"closed","ping_status":"closed","sticky":false,"template":"","format":"standard","meta":{"_et_pb_use_builder":"","_et_pb_old_content":"","_et_gb_content_width":"","footnotes":""},"categories":[1],"tags":[],"class_list":["post-13758","post","type-post","status-publish","format-standard","has-post-thumbnail","hentry","category-actu"],"_links":{"self":[{"href":"https:\/\/www.pilatre-de-rozier.com\/lmab\/wp-json\/wp\/v2\/posts\/13758","targetHints":{"allow":["GET"]}}],"collection":[{"href":"https:\/\/www.pilatre-de-rozier.com\/lmab\/wp-json\/wp\/v2\/posts"}],"about":[{"href":"https:\/\/www.pilatre-de-rozier.com\/lmab\/wp-json\/wp\/v2\/types\/post"}],"author":[{"embeddable":true,"href":"https:\/\/www.pilatre-de-rozier.com\/lmab\/wp-json\/wp\/v2\/users\/4"}],"replies":[{"embeddable":true,"href":"https:\/\/www.pilatre-de-rozier.com\/lmab\/wp-json\/wp\/v2\/comments?post=13758"}],"version-history":[{"count":1,"href":"https:\/\/www.pilatre-de-rozier.com\/lmab\/wp-json\/wp\/v2\/posts\/13758\/revisions"}],"predecessor-version":[{"id":13760,"href":"https:\/\/www.pilatre-de-rozier.com\/lmab\/wp-json\/wp\/v2\/posts\/13758\/revisions\/13760"}],"wp:featuredmedia":[{"embeddable":true,"href":"https:\/\/www.pilatre-de-rozier.com\/lmab\/wp-json\/wp\/v2\/media\/13759"}],"wp:attachment":[{"href":"https:\/\/www.pilatre-de-rozier.com\/lmab\/wp-json\/wp\/v2\/media?parent=13758"}],"wp:term":[{"taxonomy":"category","embeddable":true,"href":"https:\/\/www.pilatre-de-rozier.com\/lmab\/wp-json\/wp\/v2\/categories?post=13758"},{"taxonomy":"post_tag","embeddable":true,"href":"https:\/\/www.pilatre-de-rozier.com\/lmab\/wp-json\/wp\/v2\/tags?post=13758"}],"curies":[{"name":"wp","href":"https:\/\/api.w.org\/{rel}","templated":true}]}}