{"id":2143,"date":"2015-03-25T12:04:53","date_gmt":"2015-03-25T11:04:53","guid":{"rendered":"http:\/\/www.pilatre-de-rozier.com\/lmab\/?p=2143"},"modified":"2015-03-25T13:24:05","modified_gmt":"2015-03-25T12:24:05","slug":"et-un-de-plus","status":"publish","type":"post","link":"https:\/\/www.pilatre-de-rozier.com\/lmab\/2015\/03\/25\/et-un-de-plus\/","title":{"rendered":"Et un de plus !"},"content":{"rendered":"<p><span style=\"color: #000000\">Cette semaine c\u2019est le drapeau de la Belgique que Pil\u00e2tre de Rozier Organisation a hiss\u00e9 sur le hangar G, <a href=\"http:\/\/www.pilatre-de-rozier.com\/a-propos\/nos-locaux\/\" target=\"_blank\">bureaux des organisateurs du LMAB\u00ae 2015<\/a>. L\u2019\u00e9quipe souhaite de tout c\u0153ur que le plus grand rassemblement de montgolfi\u00e8re au monde soit le lieu de fraternit\u00e9 entre les nations. C\u2019est \u00e7a l\u2019esprit de l\u2019\u00e9v\u00e9nement depuis 1989 ! Rendez-vous dans la capitale de l\u2019a\u00e9rostation, <a href=\"http:\/\/aerodrome.chambley.lorraine.eu\/accueil.html\" target=\"_blank\">Chambley Planet\u2019Air<\/a>, du 24 juillet au 2 ao\u00fbt 2015 !<\/span><\/p>\n<p><img decoding=\"async\" class=\"aligncenter wp-image-2144 size-full lazyload\" title=\"Drapeau de la Belgique\" data-src=\"http:\/\/www.pilatre-de-rozier.com\/lmab\/wp-content\/uploads\/sites\/2\/2015\/03\/drapeau_belge.jpg\" alt=\"\" width=\"640\" height=\"640\" data-srcset=\"https:\/\/www.pilatre-de-rozier.com\/lmab\/wp-content\/uploads\/sites\/2\/2015\/03\/drapeau_belge.jpg 640w, https:\/\/www.pilatre-de-rozier.com\/lmab\/wp-content\/uploads\/sites\/2\/2015\/03\/drapeau_belge-560x560.jpg 560w, https:\/\/www.pilatre-de-rozier.com\/lmab\/wp-content\/uploads\/sites\/2\/2015\/03\/drapeau_belge-300x300.jpg 300w, https:\/\/www.pilatre-de-rozier.com\/lmab\/wp-content\/uploads\/sites\/2\/2015\/03\/drapeau_belge-600x600.jpg 600w, https:\/\/www.pilatre-de-rozier.com\/lmab\/wp-content\/uploads\/sites\/2\/2015\/03\/drapeau_belge-100x100.jpg 100w, https:\/\/www.pilatre-de-rozier.com\/lmab\/wp-content\/uploads\/sites\/2\/2015\/03\/drapeau_belge-150x150.jpg 150w, https:\/\/www.pilatre-de-rozier.com\/lmab\/wp-content\/uploads\/sites\/2\/2015\/03\/drapeau_belge-500x500.jpg 500w, https:\/\/www.pilatre-de-rozier.com\/lmab\/wp-content\/uploads\/sites\/2\/2015\/03\/drapeau_belge-263x263.jpg 263w, https:\/\/www.pilatre-de-rozier.com\/lmab\/wp-content\/uploads\/sites\/2\/2015\/03\/drapeau_belge-360x360.jpg 360w\" data-sizes=\"(max-width: 640px) 100vw, 640px\" src=\"data:image\/svg+xml;base64,PHN2ZyB3aWR0aD0iMSIgaGVpZ2h0PSIxIiB4bWxucz0iaHR0cDovL3d3dy53My5vcmcvMjAwMC9zdmciPjwvc3ZnPg==\" style=\"--smush-placeholder-width: 640px; --smush-placeholder-aspect-ratio: 640\/640;\" \/><\/p>\n","protected":false},"excerpt":{"rendered":"<p>Cette semaine c\u2019est le drapeau de la Belgique que Pil\u00e2tre de Rozier Organisation a hiss\u00e9 sur le hangar G, bureaux des organisateurs du LMAB\u00ae 2015. L\u2019\u00e9quipe souhaite de tout c\u0153ur que le plus grand rassemblement de montgolfi\u00e8re au monde soit le lieu de fraternit\u00e9 entre les nations. C\u2019est \u00e7a l\u2019esprit de l\u2019\u00e9v\u00e9nement depuis 1989 ! [&hellip;]<\/p>\n","protected":false},"author":4,"featured_media":0,"comment_status":"closed","ping_status":"open","sticky":false,"template":"","format":"standard","meta":{"_et_pb_use_builder":"","_et_pb_old_content":"","_et_gb_content_width":"","footnotes":""},"categories":[1],"tags":[],"class_list":["post-2143","post","type-post","status-publish","format-standard","hentry","category-actu"],"_links":{"self":[{"href":"https:\/\/www.pilatre-de-rozier.com\/lmab\/wp-json\/wp\/v2\/posts\/2143","targetHints":{"allow":["GET"]}}],"collection":[{"href":"https:\/\/www.pilatre-de-rozier.com\/lmab\/wp-json\/wp\/v2\/posts"}],"about":[{"href":"https:\/\/www.pilatre-de-rozier.com\/lmab\/wp-json\/wp\/v2\/types\/post"}],"author":[{"embeddable":true,"href":"https:\/\/www.pilatre-de-rozier.com\/lmab\/wp-json\/wp\/v2\/users\/4"}],"replies":[{"embeddable":true,"href":"https:\/\/www.pilatre-de-rozier.com\/lmab\/wp-json\/wp\/v2\/comments?post=2143"}],"version-history":[{"count":2,"href":"https:\/\/www.pilatre-de-rozier.com\/lmab\/wp-json\/wp\/v2\/posts\/2143\/revisions"}],"predecessor-version":[{"id":2149,"href":"https:\/\/www.pilatre-de-rozier.com\/lmab\/wp-json\/wp\/v2\/posts\/2143\/revisions\/2149"}],"wp:attachment":[{"href":"https:\/\/www.pilatre-de-rozier.com\/lmab\/wp-json\/wp\/v2\/media?parent=2143"}],"wp:term":[{"taxonomy":"category","embeddable":true,"href":"https:\/\/www.pilatre-de-rozier.com\/lmab\/wp-json\/wp\/v2\/categories?post=2143"},{"taxonomy":"post_tag","embeddable":true,"href":"https:\/\/www.pilatre-de-rozier.com\/lmab\/wp-json\/wp\/v2\/tags?post=2143"}],"curies":[{"name":"wp","href":"https:\/\/api.w.org\/{rel}","templated":true}]}}