{"id":2194,"date":"2015-04-21T12:55:05","date_gmt":"2015-04-21T11:55:05","guid":{"rendered":"http:\/\/www.pilatre-de-rozier.com\/lmab\/?p=2194"},"modified":"2015-05-06T14:19:55","modified_gmt":"2015-05-06T13:19:55","slug":"le-gilet-des-pilotes","status":"publish","type":"post","link":"https:\/\/www.pilatre-de-rozier.com\/lmab\/2015\/04\/21\/le-gilet-des-pilotes\/","title":{"rendered":"Le gilet des pilotes"},"content":{"rendered":"<h4>Un cadeau appr\u00e9ci\u00e9<\/h4>\n<p><span style=\"color: #000000\">Depuis 1989, le gilet des pilotes a toujours fait l\u2019objet d\u2019une attention particuli\u00e8re de la part de <a href=\"http:\/\/www.pilatre-de-rozier.com\/lmab\/pilatre-rozier-organisation\/\" target=\"_blank\">l\u2019\u00e9quipe Pil\u00e2tre de Rozier Organisation<\/a>. Cette ann\u00e9e ne d\u00e9rogera pas \u00e0 la r\u00e8gle. Il sera de couleur rouge, inspir\u00e9 de la veste \u00ab Husky \u00bb (quilted jacket). Vous y retrouverez un dos brod\u00e9 avec des \u00e9l\u00e9ments du visuel du LMAB\u00ae 2015 et sur le devant, <a href=\"http:\/\/www.pilatre-de-rozier.com\/lmab\/pilote\/inscription\/\" target=\"_blank\">l\u2019inscription \u00ab pilote \u00bb<\/a>. Un v\u00eatement indispensable dans la garde robe d\u2019un a\u00e9ronaute ! R\u00e9serv\u00e9e essentiellement aux pilotes, quelques exemplaires suppl\u00e9mentaires seront \u00e0 la vente.<\/span><\/p>\n<p><img decoding=\"async\" class=\"aligncenter wp-image-2195 size-large lazyload\" title=\"Gilet Pilote 2013 - A.Even\" data-src=\"http:\/\/www.pilatre-de-rozier.com\/lmab\/wp-content\/uploads\/sites\/2\/2015\/04\/Gilet-Pilote-A.Even_-400x600.jpg\" alt=\"\" width=\"400\" height=\"600\" data-srcset=\"https:\/\/www.pilatre-de-rozier.com\/lmab\/wp-content\/uploads\/sites\/2\/2015\/04\/Gilet-Pilote-A.Even_-400x600.jpg 400w, https:\/\/www.pilatre-de-rozier.com\/lmab\/wp-content\/uploads\/sites\/2\/2015\/04\/Gilet-Pilote-A.Even_-600x900.jpg 600w, https:\/\/www.pilatre-de-rozier.com\/lmab\/wp-content\/uploads\/sites\/2\/2015\/04\/Gilet-Pilote-A.Even_-333x500.jpg 333w, https:\/\/www.pilatre-de-rozier.com\/lmab\/wp-content\/uploads\/sites\/2\/2015\/04\/Gilet-Pilote-A.Even_-175x263.jpg 175w, https:\/\/www.pilatre-de-rozier.com\/lmab\/wp-content\/uploads\/sites\/2\/2015\/04\/Gilet-Pilote-A.Even_-240x360.jpg 240w, https:\/\/www.pilatre-de-rozier.com\/lmab\/wp-content\/uploads\/sites\/2\/2015\/04\/Gilet-Pilote-A.Even_-360x540.jpg 360w, https:\/\/www.pilatre-de-rozier.com\/lmab\/wp-content\/uploads\/sites\/2\/2015\/04\/Gilet-Pilote-A.Even_-263x394.jpg 263w, https:\/\/www.pilatre-de-rozier.com\/lmab\/wp-content\/uploads\/sites\/2\/2015\/04\/Gilet-Pilote-A.Even_.jpg 683w\" data-sizes=\"(max-width: 400px) 100vw, 400px\" src=\"data:image\/svg+xml;base64,PHN2ZyB3aWR0aD0iMSIgaGVpZ2h0PSIxIiB4bWxucz0iaHR0cDovL3d3dy53My5vcmcvMjAwMC9zdmciPjwvc3ZnPg==\" style=\"--smush-placeholder-width: 400px; --smush-placeholder-aspect-ratio: 400\/600;\" \/><\/p>\n","protected":false},"excerpt":{"rendered":"<p>Le gilet des pilotes 2015 est arriv\u00e9 ! <\/p>\n","protected":false},"author":4,"featured_media":2226,"comment_status":"closed","ping_status":"open","sticky":false,"template":"","format":"standard","meta":{"_et_pb_use_builder":"","_et_pb_old_content":"","_et_gb_content_width":"","footnotes":""},"categories":[1],"tags":[],"class_list":["post-2194","post","type-post","status-publish","format-standard","has-post-thumbnail","hentry","category-actu"],"_links":{"self":[{"href":"https:\/\/www.pilatre-de-rozier.com\/lmab\/wp-json\/wp\/v2\/posts\/2194","targetHints":{"allow":["GET"]}}],"collection":[{"href":"https:\/\/www.pilatre-de-rozier.com\/lmab\/wp-json\/wp\/v2\/posts"}],"about":[{"href":"https:\/\/www.pilatre-de-rozier.com\/lmab\/wp-json\/wp\/v2\/types\/post"}],"author":[{"embeddable":true,"href":"https:\/\/www.pilatre-de-rozier.com\/lmab\/wp-json\/wp\/v2\/users\/4"}],"replies":[{"embeddable":true,"href":"https:\/\/www.pilatre-de-rozier.com\/lmab\/wp-json\/wp\/v2\/comments?post=2194"}],"version-history":[{"count":3,"href":"https:\/\/www.pilatre-de-rozier.com\/lmab\/wp-json\/wp\/v2\/posts\/2194\/revisions"}],"predecessor-version":[{"id":2248,"href":"https:\/\/www.pilatre-de-rozier.com\/lmab\/wp-json\/wp\/v2\/posts\/2194\/revisions\/2248"}],"wp:featuredmedia":[{"embeddable":true,"href":"https:\/\/www.pilatre-de-rozier.com\/lmab\/wp-json\/wp\/v2\/media\/2226"}],"wp:attachment":[{"href":"https:\/\/www.pilatre-de-rozier.com\/lmab\/wp-json\/wp\/v2\/media?parent=2194"}],"wp:term":[{"taxonomy":"category","embeddable":true,"href":"https:\/\/www.pilatre-de-rozier.com\/lmab\/wp-json\/wp\/v2\/categories?post=2194"},{"taxonomy":"post_tag","embeddable":true,"href":"https:\/\/www.pilatre-de-rozier.com\/lmab\/wp-json\/wp\/v2\/tags?post=2194"}],"curies":[{"name":"wp","href":"https:\/\/api.w.org\/{rel}","templated":true}]}}