{"id":2347,"date":"2015-06-08T15:19:43","date_gmt":"2015-06-08T14:19:43","guid":{"rendered":"http:\/\/www.pilatre-de-rozier.com\/lmab\/?p=2347"},"modified":"2015-06-08T15:19:43","modified_gmt":"2015-06-08T14:19:43","slug":"veste-pilote-du-lmab15","status":"publish","type":"post","link":"https:\/\/www.pilatre-de-rozier.com\/lmab\/2015\/06\/08\/veste-pilote-du-lmab15\/","title":{"rendered":"Veste pilote du #LMAB15"},"content":{"rendered":"<p class=\"p1\"><span style=\"color: #000000\">Que pensez-vous\u00a0de la veste pilote du <b>#LMAB15<\/b>\u00a0? C\u2019est notre cher Jean-Fran\u00e7ois Pil\u00e2tre de Rozier qui la porte. Le rouge, \u00e7a se voit de loin\u00a0!<\/span><\/p>\n<p class=\"p1\"><img decoding=\"async\" class=\"aligncenter wp-image-2348 size-large lazyload\" title=\"Veste pilote LMAB 2015\" data-src=\"http:\/\/www.pilatre-de-rozier.com\/lmab\/wp-content\/uploads\/sites\/2\/2015\/06\/Veste_pilote_PDR-338x600.jpg\" alt=\"\" width=\"338\" height=\"600\" data-srcset=\"https:\/\/www.pilatre-de-rozier.com\/lmab\/wp-content\/uploads\/sites\/2\/2015\/06\/Veste_pilote_PDR-338x600.jpg 338w, https:\/\/www.pilatre-de-rozier.com\/lmab\/wp-content\/uploads\/sites\/2\/2015\/06\/Veste_pilote_PDR-281x500.jpg 281w, https:\/\/www.pilatre-de-rozier.com\/lmab\/wp-content\/uploads\/sites\/2\/2015\/06\/Veste_pilote_PDR-148x263.jpg 148w, https:\/\/www.pilatre-de-rozier.com\/lmab\/wp-content\/uploads\/sites\/2\/2015\/06\/Veste_pilote_PDR-203x360.jpg 203w, https:\/\/www.pilatre-de-rozier.com\/lmab\/wp-content\/uploads\/sites\/2\/2015\/06\/Veste_pilote_PDR-360x640.jpg 360w, https:\/\/www.pilatre-de-rozier.com\/lmab\/wp-content\/uploads\/sites\/2\/2015\/06\/Veste_pilote_PDR-263x468.jpg 263w, https:\/\/www.pilatre-de-rozier.com\/lmab\/wp-content\/uploads\/sites\/2\/2015\/06\/Veste_pilote_PDR.jpg 576w\" data-sizes=\"(max-width: 338px) 100vw, 338px\" src=\"data:image\/svg+xml;base64,PHN2ZyB3aWR0aD0iMSIgaGVpZ2h0PSIxIiB4bWxucz0iaHR0cDovL3d3dy53My5vcmcvMjAwMC9zdmciPjwvc3ZnPg==\" style=\"--smush-placeholder-width: 338px; --smush-placeholder-aspect-ratio: 338\/600;\" \/><\/p>\n","protected":false},"excerpt":{"rendered":"<p>Que pensez-vous de la veste pilote du #LMAB15 ? C\u2019est notre cher Jean-Fran\u00e7ois Pil\u00e2tre de Rozier qui la porte.<\/p>\n","protected":false},"author":4,"featured_media":2195,"comment_status":"closed","ping_status":"open","sticky":false,"template":"","format":"standard","meta":{"_et_pb_use_builder":"","_et_pb_old_content":"","_et_gb_content_width":"","footnotes":""},"categories":[1],"tags":[],"class_list":["post-2347","post","type-post","status-publish","format-standard","has-post-thumbnail","hentry","category-actu"],"_links":{"self":[{"href":"https:\/\/www.pilatre-de-rozier.com\/lmab\/wp-json\/wp\/v2\/posts\/2347","targetHints":{"allow":["GET"]}}],"collection":[{"href":"https:\/\/www.pilatre-de-rozier.com\/lmab\/wp-json\/wp\/v2\/posts"}],"about":[{"href":"https:\/\/www.pilatre-de-rozier.com\/lmab\/wp-json\/wp\/v2\/types\/post"}],"author":[{"embeddable":true,"href":"https:\/\/www.pilatre-de-rozier.com\/lmab\/wp-json\/wp\/v2\/users\/4"}],"replies":[{"embeddable":true,"href":"https:\/\/www.pilatre-de-rozier.com\/lmab\/wp-json\/wp\/v2\/comments?post=2347"}],"version-history":[{"count":1,"href":"https:\/\/www.pilatre-de-rozier.com\/lmab\/wp-json\/wp\/v2\/posts\/2347\/revisions"}],"predecessor-version":[{"id":2349,"href":"https:\/\/www.pilatre-de-rozier.com\/lmab\/wp-json\/wp\/v2\/posts\/2347\/revisions\/2349"}],"wp:featuredmedia":[{"embeddable":true,"href":"https:\/\/www.pilatre-de-rozier.com\/lmab\/wp-json\/wp\/v2\/media\/2195"}],"wp:attachment":[{"href":"https:\/\/www.pilatre-de-rozier.com\/lmab\/wp-json\/wp\/v2\/media?parent=2347"}],"wp:term":[{"taxonomy":"category","embeddable":true,"href":"https:\/\/www.pilatre-de-rozier.com\/lmab\/wp-json\/wp\/v2\/categories?post=2347"},{"taxonomy":"post_tag","embeddable":true,"href":"https:\/\/www.pilatre-de-rozier.com\/lmab\/wp-json\/wp\/v2\/tags?post=2347"}],"curies":[{"name":"wp","href":"https:\/\/api.w.org\/{rel}","templated":true}]}}