{"id":2488,"date":"2015-07-06T10:47:38","date_gmt":"2015-07-06T09:47:38","guid":{"rendered":"http:\/\/www.pilatre-de-rozier.com\/lmab\/?p=2488"},"modified":"2015-07-06T10:47:38","modified_gmt":"2015-07-06T09:47:38","slug":"la-fete-pour-tous-au-lmab15","status":"publish","type":"post","link":"https:\/\/www.pilatre-de-rozier.com\/lmab\/2015\/07\/06\/la-fete-pour-tous-au-lmab15\/","title":{"rendered":"La F\u00eate pour Tous au #LMAB15 !"},"content":{"rendered":"<p class=\"p1\" style=\"text-align: justify\"><span class=\"s1\" style=\"color: #000000\">L\u2019\u00e9quipe Pil\u00e2tre de Rozier Organisation a toujours eu \u00e0 c\u0153ur d\u2019accueillir tous les publics durant le Lorraine Mondial Air Ballons. D\u2019autant que c\u2019est \u00ab <strong>Nulle part ailleurs<\/strong> \u00bb et que la f\u00eate doit \u00eatre pour <strong>tous<\/strong>. <\/span><\/p>\n<p class=\"p1\" style=\"text-align: justify\"><span class=\"s1\" style=\"color: #000000\">Cette ann\u00e9e ne d\u00e9roge pas \u00e0 la r\u00e8gle, les <strong>personnes \u00e0 mobilit\u00e9 r\u00e9duite (P.M.R.)<\/strong> ont un acc\u00e8s privil\u00e9gi\u00e9 sur le site de Chambley Planet\u2019Air. Un parking est r\u00e9serv\u00e9 pour les personnes souffrant d\u2019un handicap. <strong>Il se trouve \u00e0 l\u2019entr\u00e9e \u00ab pilotes \u00bb<\/strong>, proche de la station service et du rond point sur le CD 901. A proximit\u00e9 des premiers hangars Ulm, il permet d\u2019acc\u00e9der en fauteuil, directement sur le Boulevard, c\u0153ur de BallonVille Public. Ainsi il sera plus facile de rejoindre les diff\u00e9rents espaces et de d\u00e9couvrir les nombreuses animations sur le site. \u00a0En partenariat avec le Conseil D\u00e9partemental de Meurthe-et-Moselle, <strong>plus de 60 personnes handicap\u00e9es, enfants malades et personnes greff\u00e9es<\/strong> sont invit\u00e9es \u00e0 voler pendant la manifestation \u00e0 bord de montgolfi\u00e8res sp\u00e9cialement \u00e9quip\u00e9es. Du 24 juillet au 2 ao\u00fbt, c\u2019est la<strong> \u00ab F\u00eate pour Tous \u00bb<\/strong> avec les centaines de montgolfi\u00e8res qui prennent les airs au LMAB\u00ae 2015.<\/span><\/p>\n<p class=\"p1\" style=\"text-align: center\"><em>Cliquez sur l&rsquo;image pour\u00a0l&rsquo;agrandir<\/em><\/p>\n<p class=\"p1\" style=\"text-align: justify\"><a href=\"http:\/\/www.pilatre-de-rozier.com\/lmab\/wp-content\/uploads\/sites\/2\/2015\/07\/planbonnard2015.jpg\"><img decoding=\"async\" class=\"aligncenter size-large wp-image-2489 lazyload\" data-src=\"http:\/\/www.pilatre-de-rozier.com\/lmab\/wp-content\/uploads\/sites\/2\/2015\/07\/planbonnard2015-800x486.jpg\" alt=\"planbonnard2015\" width=\"800\" height=\"486\" data-srcset=\"https:\/\/www.pilatre-de-rozier.com\/lmab\/wp-content\/uploads\/sites\/2\/2015\/07\/planbonnard2015-800x486.jpg 800w, https:\/\/www.pilatre-de-rozier.com\/lmab\/wp-content\/uploads\/sites\/2\/2015\/07\/planbonnard2015-768x467.jpg 768w, https:\/\/www.pilatre-de-rozier.com\/lmab\/wp-content\/uploads\/sites\/2\/2015\/07\/planbonnard2015-600x365.jpg 600w, https:\/\/www.pilatre-de-rozier.com\/lmab\/wp-content\/uploads\/sites\/2\/2015\/07\/planbonnard2015-555x337.jpg 555w, https:\/\/www.pilatre-de-rozier.com\/lmab\/wp-content\/uploads\/sites\/2\/2015\/07\/planbonnard2015-270x164.jpg 270w, https:\/\/www.pilatre-de-rozier.com\/lmab\/wp-content\/uploads\/sites\/2\/2015\/07\/planbonnard2015-370x225.jpg 370w, https:\/\/www.pilatre-de-rozier.com\/lmab\/wp-content\/uploads\/sites\/2\/2015\/07\/planbonnard2015-360x219.jpg 360w, https:\/\/www.pilatre-de-rozier.com\/lmab\/wp-content\/uploads\/sites\/2\/2015\/07\/planbonnard2015-263x160.jpg 263w, https:\/\/www.pilatre-de-rozier.com\/lmab\/wp-content\/uploads\/sites\/2\/2015\/07\/planbonnard2015.jpg 1500w\" data-sizes=\"(max-width: 800px) 100vw, 800px\" src=\"data:image\/svg+xml;base64,PHN2ZyB3aWR0aD0iMSIgaGVpZ2h0PSIxIiB4bWxucz0iaHR0cDovL3d3dy53My5vcmcvMjAwMC9zdmciPjwvc3ZnPg==\" style=\"--smush-placeholder-width: 800px; --smush-placeholder-aspect-ratio: 800\/486;\" \/><\/a><\/p>\n","protected":false},"excerpt":{"rendered":"<p>L\u2019\u00e9quipe Pil\u00e2tre de Rozier Organisation a toujours eu \u00e0 c\u0153ur d\u2019accueillir tous les publics durant le Lorraine Mondial Air Ballons.<\/p>\n","protected":false},"author":4,"featured_media":2490,"comment_status":"closed","ping_status":"open","sticky":false,"template":"","format":"standard","meta":{"_et_pb_use_builder":"","_et_pb_old_content":"","_et_gb_content_width":"","footnotes":""},"categories":[1],"tags":[41],"class_list":["post-2488","post","type-post","status-publish","format-standard","has-post-thumbnail","hentry","category-actu","tag-lmab15"],"_links":{"self":[{"href":"https:\/\/www.pilatre-de-rozier.com\/lmab\/wp-json\/wp\/v2\/posts\/2488","targetHints":{"allow":["GET"]}}],"collection":[{"href":"https:\/\/www.pilatre-de-rozier.com\/lmab\/wp-json\/wp\/v2\/posts"}],"about":[{"href":"https:\/\/www.pilatre-de-rozier.com\/lmab\/wp-json\/wp\/v2\/types\/post"}],"author":[{"embeddable":true,"href":"https:\/\/www.pilatre-de-rozier.com\/lmab\/wp-json\/wp\/v2\/users\/4"}],"replies":[{"embeddable":true,"href":"https:\/\/www.pilatre-de-rozier.com\/lmab\/wp-json\/wp\/v2\/comments?post=2488"}],"version-history":[{"count":1,"href":"https:\/\/www.pilatre-de-rozier.com\/lmab\/wp-json\/wp\/v2\/posts\/2488\/revisions"}],"predecessor-version":[{"id":2491,"href":"https:\/\/www.pilatre-de-rozier.com\/lmab\/wp-json\/wp\/v2\/posts\/2488\/revisions\/2491"}],"wp:featuredmedia":[{"embeddable":true,"href":"https:\/\/www.pilatre-de-rozier.com\/lmab\/wp-json\/wp\/v2\/media\/2490"}],"wp:attachment":[{"href":"https:\/\/www.pilatre-de-rozier.com\/lmab\/wp-json\/wp\/v2\/media?parent=2488"}],"wp:term":[{"taxonomy":"category","embeddable":true,"href":"https:\/\/www.pilatre-de-rozier.com\/lmab\/wp-json\/wp\/v2\/categories?post=2488"},{"taxonomy":"post_tag","embeddable":true,"href":"https:\/\/www.pilatre-de-rozier.com\/lmab\/wp-json\/wp\/v2\/tags?post=2488"}],"curies":[{"name":"wp","href":"https:\/\/api.w.org\/{rel}","templated":true}]}}