{"id":2830,"date":"2015-07-14T10:08:35","date_gmt":"2015-07-14T09:08:35","guid":{"rendered":"http:\/\/www.pilatre-de-rozier.com\/lmab\/?p=2830"},"modified":"2015-07-14T10:14:47","modified_gmt":"2015-07-14T09:14:47","slug":"j-10-avant-le-lmab15","status":"publish","type":"post","link":"https:\/\/www.pilatre-de-rozier.com\/lmab\/2015\/07\/14\/j-10-avant-le-lmab15\/","title":{"rendered":"J-10 avant le #LMAB15 !"},"content":{"rendered":"<h2 style=\"text-align: left\">Bonne f\u00eate nationale &#x1f1eb;&#x1f1f7;<\/h2>\n<p style=\"text-align: justify\">La France peut \u00eatre fi\u00e8re d&rsquo;accueillir le plus gros rassemblement mondial de montgolfi\u00e8res en Lorraine ! J-10 avant le grand d\u00e9part pour l&rsquo;aventure\u00a0<a class=\"_58cn\" href=\"https:\/\/www.facebook.com\/hashtag\/lmab15?source=feed_text&amp;story_id=944775205573271\"><span class=\"_58cl\">\u202a#\u200e<\/span><span class=\"_58cm\">LMAB15\u202c<\/span><\/a> ! Les BallonVilles commencent \u00e0 prendre forme gr\u00e2ce aux efforts de toute l&rsquo;\u00e9quipe logistique. Dans un peu plus d&rsquo;une semaine, <a href=\"http:\/\/www.pilatre-de-rozier.com\/\" target=\"_blank\">Pil\u00e2tre de Rozier Organisation<\/a> lancera les festivit\u00e9s et marquera le coup d&rsquo;envoi de cette \u00e9dition 2015 pour le plus grand plaisir de tous avec l&rsquo;envol de masse du vendredi 24 juillet pr\u00e9vu \u00e0 18h30 (selon m\u00e9t\u00e9o).<\/p>\n<p>&nbsp;<\/p>\n<div id=\"attachment_2832\" style=\"width: 810px\" class=\"wp-caption aligncenter\"><img decoding=\"async\" aria-describedby=\"caption-attachment-2832\" class=\"size-large wp-image-2832 lazyload\" data-src=\"http:\/\/www.pilatre-de-rozier.com\/lmab\/wp-content\/uploads\/sites\/2\/2015\/07\/J-10sd-800x531.jpg\" alt=\"Photo : P.Bodez\" width=\"800\" height=\"531\" data-srcset=\"https:\/\/www.pilatre-de-rozier.com\/lmab\/wp-content\/uploads\/sites\/2\/2015\/07\/J-10sd-800x531.jpg 800w, https:\/\/www.pilatre-de-rozier.com\/lmab\/wp-content\/uploads\/sites\/2\/2015\/07\/J-10sd-768x510.jpg 768w, https:\/\/www.pilatre-de-rozier.com\/lmab\/wp-content\/uploads\/sites\/2\/2015\/07\/J-10sd-600x398.jpg 600w, https:\/\/www.pilatre-de-rozier.com\/lmab\/wp-content\/uploads\/sites\/2\/2015\/07\/J-10sd-555x369.jpg 555w, https:\/\/www.pilatre-de-rozier.com\/lmab\/wp-content\/uploads\/sites\/2\/2015\/07\/J-10sd-270x179.jpg 270w, https:\/\/www.pilatre-de-rozier.com\/lmab\/wp-content\/uploads\/sites\/2\/2015\/07\/J-10sd-370x246.jpg 370w, https:\/\/www.pilatre-de-rozier.com\/lmab\/wp-content\/uploads\/sites\/2\/2015\/07\/J-10sd-360x239.jpg 360w, https:\/\/www.pilatre-de-rozier.com\/lmab\/wp-content\/uploads\/sites\/2\/2015\/07\/J-10sd-263x175.jpg 263w, https:\/\/www.pilatre-de-rozier.com\/lmab\/wp-content\/uploads\/sites\/2\/2015\/07\/J-10sd.jpg 1000w\" data-sizes=\"(max-width: 800px) 100vw, 800px\" src=\"data:image\/svg+xml;base64,PHN2ZyB3aWR0aD0iMSIgaGVpZ2h0PSIxIiB4bWxucz0iaHR0cDovL3d3dy53My5vcmcvMjAwMC9zdmciPjwvc3ZnPg==\" style=\"--smush-placeholder-width: 800px; --smush-placeholder-aspect-ratio: 800\/531;\" \/><p id=\"caption-attachment-2832\" class=\"wp-caption-text\">Photo : P.Bodez<\/p><\/div>\n","protected":false},"excerpt":{"rendered":"<p>La France peut \u00eatre fi\u00e8re d&rsquo;accueillir le plus gros rassemblement mondial de montgolfi\u00e8res en Lorraine !<\/p>\n","protected":false},"author":4,"featured_media":2831,"comment_status":"closed","ping_status":"open","sticky":false,"template":"","format":"standard","meta":{"_et_pb_use_builder":"","_et_pb_old_content":"","_et_gb_content_width":"","footnotes":""},"categories":[1],"tags":[],"class_list":["post-2830","post","type-post","status-publish","format-standard","has-post-thumbnail","hentry","category-actu"],"_links":{"self":[{"href":"https:\/\/www.pilatre-de-rozier.com\/lmab\/wp-json\/wp\/v2\/posts\/2830","targetHints":{"allow":["GET"]}}],"collection":[{"href":"https:\/\/www.pilatre-de-rozier.com\/lmab\/wp-json\/wp\/v2\/posts"}],"about":[{"href":"https:\/\/www.pilatre-de-rozier.com\/lmab\/wp-json\/wp\/v2\/types\/post"}],"author":[{"embeddable":true,"href":"https:\/\/www.pilatre-de-rozier.com\/lmab\/wp-json\/wp\/v2\/users\/4"}],"replies":[{"embeddable":true,"href":"https:\/\/www.pilatre-de-rozier.com\/lmab\/wp-json\/wp\/v2\/comments?post=2830"}],"version-history":[{"count":2,"href":"https:\/\/www.pilatre-de-rozier.com\/lmab\/wp-json\/wp\/v2\/posts\/2830\/revisions"}],"predecessor-version":[{"id":2841,"href":"https:\/\/www.pilatre-de-rozier.com\/lmab\/wp-json\/wp\/v2\/posts\/2830\/revisions\/2841"}],"wp:featuredmedia":[{"embeddable":true,"href":"https:\/\/www.pilatre-de-rozier.com\/lmab\/wp-json\/wp\/v2\/media\/2831"}],"wp:attachment":[{"href":"https:\/\/www.pilatre-de-rozier.com\/lmab\/wp-json\/wp\/v2\/media?parent=2830"}],"wp:term":[{"taxonomy":"category","embeddable":true,"href":"https:\/\/www.pilatre-de-rozier.com\/lmab\/wp-json\/wp\/v2\/categories?post=2830"},{"taxonomy":"post_tag","embeddable":true,"href":"https:\/\/www.pilatre-de-rozier.com\/lmab\/wp-json\/wp\/v2\/tags?post=2830"}],"curies":[{"name":"wp","href":"https:\/\/api.w.org\/{rel}","templated":true}]}}