{"id":3630,"date":"2016-12-16T15:53:05","date_gmt":"2016-12-16T14:53:05","guid":{"rendered":"http:\/\/www.pilatre-de-rozier.com\/lmab\/?p=3630"},"modified":"2016-12-16T15:53:05","modified_gmt":"2016-12-16T14:53:05","slug":"nouvelle-affiche-mab2017","status":"publish","type":"post","link":"https:\/\/www.pilatre-de-rozier.com\/lmab\/2016\/12\/16\/nouvelle-affiche-mab2017\/","title":{"rendered":"La nouvelle affiche du #MAB2017 !"},"content":{"rendered":"<p><strong>#MAB2017 : le Grand Rendez-Vous : en route vers les \u00e9toiles<\/strong><\/p>\n<p><a href=\"http:\/\/www.pilatre-de-rozier.com\/lmab\/wp-content\/uploads\/sites\/2\/2016\/12\/AFFICHES_MAB2017_OK_72dpi.png\"><img decoding=\"async\" class=\"size-large wp-image-3631 alignright lazyload\" data-src=\"http:\/\/www.pilatre-de-rozier.com\/lmab\/wp-content\/uploads\/sites\/2\/2016\/12\/AFFICHES_MAB2017_OK_72dpi-400x600.png\" alt=\"affiches_mab2017_ok_72dpi\" width=\"400\" height=\"600\" data-srcset=\"https:\/\/www.pilatre-de-rozier.com\/lmab\/wp-content\/uploads\/sites\/2\/2016\/12\/AFFICHES_MAB2017_OK_72dpi-400x600.png 400w, https:\/\/www.pilatre-de-rozier.com\/lmab\/wp-content\/uploads\/sites\/2\/2016\/12\/AFFICHES_MAB2017_OK_72dpi-600x900.png 600w, https:\/\/www.pilatre-de-rozier.com\/lmab\/wp-content\/uploads\/sites\/2\/2016\/12\/AFFICHES_MAB2017_OK_72dpi-333x500.png 333w, https:\/\/www.pilatre-de-rozier.com\/lmab\/wp-content\/uploads\/sites\/2\/2016\/12\/AFFICHES_MAB2017_OK_72dpi-768x1152.png 768w, https:\/\/www.pilatre-de-rozier.com\/lmab\/wp-content\/uploads\/sites\/2\/2016\/12\/AFFICHES_MAB2017_OK_72dpi-175x263.png 175w, https:\/\/www.pilatre-de-rozier.com\/lmab\/wp-content\/uploads\/sites\/2\/2016\/12\/AFFICHES_MAB2017_OK_72dpi-240x360.png 240w, https:\/\/www.pilatre-de-rozier.com\/lmab\/wp-content\/uploads\/sites\/2\/2016\/12\/AFFICHES_MAB2017_OK_72dpi-360x540.png 360w, https:\/\/www.pilatre-de-rozier.com\/lmab\/wp-content\/uploads\/sites\/2\/2016\/12\/AFFICHES_MAB2017_OK_72dpi-263x395.png 263w, https:\/\/www.pilatre-de-rozier.com\/lmab\/wp-content\/uploads\/sites\/2\/2016\/12\/AFFICHES_MAB2017_OK_72dpi.png 1134w\" data-sizes=\"(max-width: 400px) 100vw, 400px\" src=\"data:image\/svg+xml;base64,PHN2ZyB3aWR0aD0iMSIgaGVpZ2h0PSIxIiB4bWxucz0iaHR0cDovL3d3dy53My5vcmcvMjAwMC9zdmciPjwvc3ZnPg==\" style=\"--smush-placeholder-width: 400px; --smush-placeholder-aspect-ratio: 400\/600;\" \/><\/a><\/p>\n<p>Nouveau visuel. Nouveaux logos. Nouvelles couleurs. Nouvelles ambitions. Nouveau slogan \u201cLe Grand Rendez-Vous\u201d comme un clin d\u2019oeil \u00e0 la nouvelle r\u00e9gion Grand Est et aux centaines de milliers de fans d\u2019ici et d\u2019ailleurs. Embarquement imm\u00e9diat pour l\u2019\u00e9v\u00e9nement plan\u00e9taire du 21 au 30 juillet 2017.<\/p>\n<p>A l\u2019approche de la nouvelle ann\u00e9e, c\u2019est le \u201cpaquet cadeau\u201d que nous mettons sous le sapin de No\u00ebl et qui va voyager dans le monde entier, offert par Pil\u00e2tre de Rozier, organisateur du Mondial Air Ballons\u00ae et ses partenaires.<\/p>\n<p>L\u2019affiche du #MAB2017 offre un avant-go\u00fbt du spectacle. On s\u2019imagine volontiers \u00eatre allong\u00e9 dans l\u2019herbe avec, en perspective, des centaines de ballons multicolores, pr\u00eats \u00e0 tutoyer les \u00e9toiles. Un voyage de r\u00eave qui vous prend d\u00e9j\u00e0 aux tripes. Une pause magique hors du temps et une invitation \u00e0 prendre de la hauteur. Le visuel entra\u00eene le spectateur dans un univers d\u2019\u00e9merveillement et de partage. La vari\u00e9t\u00e9 de couleurs fait \u00e9cho \u00e0 la vari\u00e9t\u00e9 de personnes pr\u00e9sentes au Mondial Air Ballons\u00ae, de tous \u00e2ges, de toutes nationalit\u00e9s, connaisseurs, amateurs, professionnels, partenaires, volontaires, pilotes, spectateurs et m\u00e9dias.<br \/>\nRestez connect\u00e9, l\u2019aventure d\u00e9bute maintenant. Les surprises vous attendent.<br \/>\nSuivez-nous ! \u201cLe Grand Rendez-vous\u201d, c\u2019est au #MAB2017 sur l\u2019a\u00e9rodrome de Chambley, entre Metz et Nancy (France) !<\/p>\n","protected":false},"excerpt":{"rendered":"<p>#MAB2017 : le Grand Rendez-Vous : en route vers les \u00e9toiles Nouveau visuel. Nouveaux logos. Nouvelles couleurs. Nouvelles ambitions. Nouveau slogan \u201cLe Grand Rendez-Vous\u201d comme un clin d\u2019oeil \u00e0 la nouvelle r\u00e9gion Grand Est et aux centaines de milliers de fans d\u2019ici et d\u2019ailleurs. Embarquement imm\u00e9diat pour l\u2019\u00e9v\u00e9nement plan\u00e9taire du 21 au 30 juillet 2017. [&hellip;]<\/p>\n","protected":false},"author":4,"featured_media":3631,"comment_status":"closed","ping_status":"open","sticky":false,"template":"","format":"standard","meta":{"_et_pb_use_builder":"","_et_pb_old_content":"","_et_gb_content_width":"","footnotes":""},"categories":[1],"tags":[],"class_list":["post-3630","post","type-post","status-publish","format-standard","has-post-thumbnail","hentry","category-actu"],"_links":{"self":[{"href":"https:\/\/www.pilatre-de-rozier.com\/lmab\/wp-json\/wp\/v2\/posts\/3630","targetHints":{"allow":["GET"]}}],"collection":[{"href":"https:\/\/www.pilatre-de-rozier.com\/lmab\/wp-json\/wp\/v2\/posts"}],"about":[{"href":"https:\/\/www.pilatre-de-rozier.com\/lmab\/wp-json\/wp\/v2\/types\/post"}],"author":[{"embeddable":true,"href":"https:\/\/www.pilatre-de-rozier.com\/lmab\/wp-json\/wp\/v2\/users\/4"}],"replies":[{"embeddable":true,"href":"https:\/\/www.pilatre-de-rozier.com\/lmab\/wp-json\/wp\/v2\/comments?post=3630"}],"version-history":[{"count":2,"href":"https:\/\/www.pilatre-de-rozier.com\/lmab\/wp-json\/wp\/v2\/posts\/3630\/revisions"}],"predecessor-version":[{"id":3636,"href":"https:\/\/www.pilatre-de-rozier.com\/lmab\/wp-json\/wp\/v2\/posts\/3630\/revisions\/3636"}],"wp:featuredmedia":[{"embeddable":true,"href":"https:\/\/www.pilatre-de-rozier.com\/lmab\/wp-json\/wp\/v2\/media\/3631"}],"wp:attachment":[{"href":"https:\/\/www.pilatre-de-rozier.com\/lmab\/wp-json\/wp\/v2\/media?parent=3630"}],"wp:term":[{"taxonomy":"category","embeddable":true,"href":"https:\/\/www.pilatre-de-rozier.com\/lmab\/wp-json\/wp\/v2\/categories?post=3630"},{"taxonomy":"post_tag","embeddable":true,"href":"https:\/\/www.pilatre-de-rozier.com\/lmab\/wp-json\/wp\/v2\/tags?post=3630"}],"curies":[{"name":"wp","href":"https:\/\/api.w.org\/{rel}","templated":true}]}}