{"id":9455,"date":"2019-07-29T10:22:49","date_gmt":"2019-07-29T09:22:49","guid":{"rendered":"http:\/\/www.pilatre-de-rozier.com\/lmab\/?p=9455"},"modified":"2019-07-31T10:25:41","modified_gmt":"2019-07-31T09:25:41","slug":"j3-le-jour-du-seigneur","status":"publish","type":"post","link":"https:\/\/www.pilatre-de-rozier.com\/lmab\/2019\/07\/29\/j3-le-jour-du-seigneur\/","title":{"rendered":"J+3 &#8211; Le jour du Seigneur"},"content":{"rendered":"<div class=\"page\" title=\"Page 1\">\n<div class=\"layoutArea\">\n<div class=\"column\">\n<p>Le temps commence \u00e0 se r\u00e9p\u00e9ter comme une mauvaise blague de Tonton Roger \u00e0 un d\u00eener de famille un peu trop arros\u00e9.\u00a0Depuis l\u2019ouverture, le sch\u00e9ma a \u00e9t\u00e9 le suivant: un temps catastrophique au r\u00e9veil o\u00f9 l\u2019on part au briefing le c\u0153ur en peine. Une matin\u00e9e qui se poursuit sur cette lanc\u00e9e et enfonce notre moral d\u00e9pit\u00e9. Puis soudain, dans l\u2019apr\u00e8s-midi, on semble entrapercevoir une \u00e9claircie, oasis dans un d\u00e9sert de nuages et de pluie. On se demande si l\u2019on hallucine, si l\u2019on n\u2019est pas d\u00e9shydrat\u00e9&#8230; Mais non, le briefing confirme l\u2019existence de cette fen\u00eatre de vol presque miracul\u00e9e. Alors les c\u0153urs sont en liesse, la nouvelle circule \u00e0 une vitesse folle tandis que le public se presse sur la Promenade pour observer l\u2019envol.<\/p>\n<p>Mais cette semaine semble signer le d\u00e9but d\u2019un nouveau sch\u00e9ma, celui d\u2019un temps optimal pour assurer deux envols par jour, et une tentative de record. \u00c0 croire que nos pri\u00e8res de ce matin ont \u00e9t\u00e9 exauc\u00e9es. On y croit plus que jamais.<\/p>\n<h4>Pilotes &#8211;\u00a0<span style=\"font-family: inherit;font-size: inherit;font-style: inherit\">Un irlandais \u00e0 Chambley<\/span><\/h4>\n<div class=\"page\" title=\"Page 2\">\n<div class=\"section\">\n<div class=\"layoutArea\">\n<div class=\"column\">\n<p>Il a 21 ans, il est irlandais, Zack Daly est l\u2019un des plus jeunes pilotes de ce #GEMAB19. Cela fait pourtant 10 ans d\u00e9j\u00e0 que le jeune homme fr\u00e9quente la manifestation avec son p\u00e8re, Joe Daly, lui aussi pilote. Malgr\u00e9 un voyage harassant de 2 jours pour se rendre sur la manifestation, Zack Daly est tr\u00e8s fier de repr\u00e9senter son pays aux c\u00f4t\u00e9s de son parent. Son plus beau souvenir sur la manifestation remonte \u00e0 l\u2019\u00e9dition pr\u00e9c\u00e9dente, pendant laquelle il a v\u00e9cu un vol f\u00e9erique au dessus des nuages lorsque le temps \u00e9tait brumeux. Pour les prochaines \u00e9ditions, il esp\u00e8re pouvoir acheter tr\u00e8s vite son propre ballon et peut-\u00eatre m\u00eame devenir un jour ambassadeur d\u2019Irlande, suivant les traces de son p\u00e8re. Aujourd\u2019hui, si le temps le permet, il c\u00f4toiera le ciel aux c\u00f4t\u00e9s de ses pairs \u00e0 l\u2019occasion de la Grande Ligne pour tenter de battre le record !<\/p>\n<h4>Pilotes &#8211; Le Vide nacelle<\/h4>\n<div class=\"page\" title=\"Page 2\">\n<div class=\"section\">\n<div class=\"layoutArea\">\n<div class=\"column\">\n<p>Le vide nacelle est une autre des nombreuses nouveaut\u00e9s de ce Mondial ! Le march\u00e9 aux puces de la montgolfi\u00e8re &#8211; des \u00e9quipements aux objets d\u00e9riv\u00e9s &#8211; est le lieu de toutes les trouvailles, y compris les plus surprenantes. Les collectionneurs et amoureux du monde de la montgolfi\u00e8re avaient rendez-vous ce dimanche 28 juillet \u00e0 11h sur la parade des pilotes. Du ballon complet aux pin\u2019s collectors en passant par les nacelles, bouteilles de gaz, br\u00fbleurs, ou encore radios, tout le monde pouvait y trouver son bonheur. Une vingtaine d\u2019exposants \u00e9taient pr\u00e9sents, ainsi qu\u2019une partie de l\u2019\u00e9quipe des lanceurs pour pacifier la zone.<\/p>\n<p>&nbsp;<\/p>\n<\/div>\n<p><iframe data-src=\"\/\/www.youtube.com\/embed\/wQ_EnwRR4XI\" width=\"560\" height=\"314\" src=\"data:image\/svg+xml;base64,PHN2ZyB3aWR0aD0iMSIgaGVpZ2h0PSIxIiB4bWxucz0iaHR0cDovL3d3dy53My5vcmcvMjAwMC9zdmciPjwvc3ZnPg==\" class=\"lazyload\" data-load-mode=\"1\"><\/iframe><\/p>\n<div class=\"column\">\n<h4>Pilotes &#8211;\u00a0<span style=\"font-family: inherit;font-size: inherit;font-style: inherit\">D\u00e9but du 16\u00e8me troph\u00e9e GEMAB<\/span><\/h4>\n<div class=\"page\" title=\"Page 2\">\n<div class=\"section\">\n<div class=\"layoutArea\">\n<div class=\"column\">\n<p>Ce lundi marque le d\u00e9but du 16\u00e8me troph\u00e9e GEMAB. Comme lors de chaque \u00e9dition, ce troph\u00e9e permet aux pilotes de montrer leur dext\u00e9rit\u00e9 ainsi que la ma\u00eetrise de leur a\u00e9ronef en vol. Cette comp\u00e9tition se d\u00e9roule sur 5 jours, avec un maximum de 10 vols \u00e0 effectuer. C\u2019est une des plus grandes comp\u00e9titions a\u00e9ronautique au monde, avec 212 participants en 2017. En moyenne, un pilote sur deux pr\u00e9sent au Mondial y participe lors de chaque \u00e9dition. Le gagnant de l\u2019\u00e9dition pr\u00e9c\u00e9dente, le Fran\u00e7ais Pierre Antoine Roussel, remettra son titre en jeu. Que le meilleur gagne !<\/p>\n<h4>Partenaires &#8211;\u00a0<span style=\"font-family: inherit;font-size: inherit;font-style: inherit\">Une belle rencontre entre deux g\u00e9n\u00e9rations<\/span><\/h4>\n<div class=\"page\" title=\"Page 2\">\n<div class=\"section\">\n<div class=\"layoutArea\">\n<div class=\"column\">\n<p>Nous vous avions parl\u00e9 dans l\u2019\u00e9dition de dimanche des \u00ab Passeports pour l\u2019Aventure \u00bb, ces jeunes lyc\u00e9ens de la r\u00e9gion Grand Est s\u00e9lectionn\u00e9s lors de chaque \u00e9dition pour participer \u00e0 l\u2019organisation du GEMAB. Ce dimanche, Jean Rottner, Pr\u00e9sident de la R\u00e9gion Grand Est, \u00e9tait de passage pour les rencontrer. Il \u00e9tait accompagn\u00e9 de G\u00e9rard Feldzer et de l\u2019astronaute Jean-Fran\u00e7ois Clervoy, ainsi que de Philippe Buron Pil\u00e2tre. Les lyc\u00e9ens se sont tour \u00e0 tour pr\u00e9sent\u00e9s, en indiquant leur parcours scolaire et le m\u00e9tier qu\u2019ils d\u00e9sirent exercer \u00e0 l\u2019avenir. Le Pr\u00e9sident est ensuite revenu sur l\u2019implication de la R\u00e9gion dans le d\u00e9veloppement de la formation, sur la transformation num\u00e9rique qui a cours dans les lyc\u00e9es, et leur a expliqu\u00e9 l\u2019importance de l\u2019a\u00e9rodrome de Chambley. Jean-Fran\u00e7ois Clervoy a ensuite adress\u00e9 un message rempli d\u2019espoir pour l\u2019avenir de ces lyc\u00e9ens. Un beau moment de partage !<\/p>\n<h4>Partenaires &#8211;\u00a0<span style=\"font-family: inherit;font-size: inherit;font-style: inherit\">Le LAB, un rendez-vous journalier<\/span><\/h4>\n<div class=\"page\" title=\"Page 2\">\n<div class=\"section\">\n<div class=\"layoutArea\">\n<div class=\"column\">\n<p>Depuis toujours, le monde de la montgolfi\u00e8re est li\u00e9 aux \u00e9volutions technologiques. Il est donc de bon ton que celles-ci soient mises \u00e0 l\u2019honneur au sein de la manifestation. C\u2019est l\u2019une des raisons d\u2019\u00eatre du Lab Caisse d\u2019Epargne, dans lequel se d\u00e9roulent chaque jour \u00e0 17h des conf\u00e9rences qui visent \u00e0 vulgariser le monde du num\u00e9rique.<\/p>\n<p>Hier \u00e9tait un jour sp\u00e9cial puisque l\u2019espace a eu le privil\u00e8ge d\u2019accueillir six invit\u00e9s de marque &#8211; Alexandra Birau, Christophe Chopp\u00e9, Jean-Fran\u00e7ois Clervoy, G\u00e9rald Feldzer, Magalie Fleurigeon et Bertrand Piccard &#8211; pour un ensemble de \u00ab conf\u00e9rences inspirantes \u00bb qui a permis de mettre en valeur les quatre th\u00e9matiques \u00e0 l\u2019ordre du jour pour ce #GEMAB19 : r\u00eave, passion, innovation et volont\u00e9 d\u2019entreprendre.\u00a0Aujourd\u2019hui, ce sera au tour de l\u2019entreprise In Extremis &#8211; repr\u00e9sent\u00e9e par Marie Eppe &#8211; de vous faire d\u00e9couvrir son activit\u00e9 et sa lutte contre le gaspillage alimentaire. Si vous disposez d\u2019un pass vous donnant acc\u00e8s au\u00a0<span style=\"font-family: inherit;font-size: inherit;font-style: inherit\">village partenaire, ne ratez pas une miette de ces 10 minutes quotidiennes qui ne manqueront pas de vous enrichir.<\/span><\/p>\n<h4>Public &#8211; 30 ans de records<\/h4>\n<div class=\"page\" title=\"Page 3\">\n<div class=\"section\">\n<div class=\"layoutArea\">\n<div class=\"column\">\n<p>Que serait le Grand Est Mondial Air Ballon sans ses multiples records acquis au cours des ann\u00e9es ? Il a fallu une pointe d\u2019audace pour r\u00e9ussir en 2009 \u00e0 \u00e9tablir pour la premi\u00e8re fois le record du monde du nombre de ballons align\u00e9s au d\u00e9collage &#8211; la Grande Ligne &#8211; soit 329 montgolfi\u00e8res pr\u00e9cis\u00e9ment. Cela nous a d\u2019ailleurs valu une place dans le Guinness Book des Records ! Et depuis, on r\u00e9it\u00e8re ! Cette ann\u00e9e, on compte bien battre le record de la derni\u00e8re \u00e9dition, les ballons ayant alors \u00e9t\u00e9 comptabilis\u00e9s au nombre de 456 par l\u2019huissier de justice. Dans la s\u00e9rie des records du GEMAB s\u2019ajoutent \u00ab la Ligne de Nuit \u00bb &#8211; l\u2019\u00e9gale de la Grande Ligne, mais de nuit &#8211; ainsi que le record du plus grand nombre de ballons lanc\u00e9s en une heure. De quoi nous offrir cette ann\u00e9e encore de beaux spectacles.<\/p>\n<h4>Public &#8211; 30 ans avec vous<\/h4>\n<div class=\"page\" title=\"Page 3\">\n<div class=\"section\">\n<div class=\"layoutArea\">\n<div class=\"column\">\n<p>Le GEMAB, c\u2019est 30 ans de souvenirs avec vous, notre fid\u00e8le public, toujours plus nombreux d\u2019\u00e9dition en \u00e9dition. Ce num\u00e9ro anniversaire \u00e9tait pour nous l\u2019occasion d\u2019aller \u00e0 votre rencontre, vous qui faites vivre le Mondial depuis si longtemps. Si certains encha\u00eenent les \u00e9ditions sans se lasser, d\u2019autres d\u00e9couvrent tout juste la manifestation et l\u2019aiment d\u00e9j\u00e0. Nombreux sont ceux qui saluent les efforts d\u00e9ploy\u00e9s pour offrir au public de quoi prendre du bon temps.<\/p>\n<p>Tous attendent de s\u2019\u00e9merveiller devant l\u2019envol des ballons et esp\u00e8rent profiter de ce moment hors du temps qui fait la renomm\u00e9e de l\u2019\u00e9v\u00e8nement.<\/p>\n<h4>Organisation &#8211;\u00a0<span style=\"font-family: inherit;font-size: inherit;font-style: inherit\">Des volontaires bien \u00e9quip\u00e9s<\/span><\/h4>\n<div class=\"page\" title=\"Page 4\">\n<div class=\"section\">\n<div class=\"layoutArea\">\n<div class=\"column\">\n<p>En tant que visiteurs, vous vous demandez peut-\u00eatre ce que re\u00e7oivent les volontaires du GEMAB \u00e0 leur arriv\u00e9e sur le site. Chaque ann\u00e9e, c\u2019est notre fid\u00e8le Denis Martignon qui les re\u00e7oit et leur remet le fameux \u00ab paquetage des volontaires \u00bb. Ce dernier contient un badge d\u2019acc\u00e8s nominatif, un pass parking, une veste de l\u2019organisation &#8211; d\u2019un blanc immacul\u00e9 cette \u00e9dition &#8211; et un Road Book, qui contient toutes les informations importantes \u00e0 conna\u00eetre sur la manifestation pour que les nouveaux arrivants ne soient pas d\u00e9sempar\u00e9s. Pour se sustenter durant ces 10 jours, des tickets repas leur sont \u00e9galement fournis. Les b\u00e9n\u00e9voles b\u00e9n\u00e9ficient enfin de la nouveaut\u00e9 de cette \u00e9dition anniversaire : la Bonjour Card, carte de fid\u00e9lit\u00e9 collector qui permet de r\u00e9gler ses achats dans certaines boutiques du GEMAB. Un \u00e9quipement indispensable pour d\u00e9buter la manifestation dans les meilleures conditions !<\/p>\n<p>&nbsp;<\/p>\n<\/div>\n<\/div>\n<\/div>\n<\/div>\n<\/div>\n<\/div>\n<\/div>\n<\/div>\n<\/div>\n<\/div>\n<\/div>\n<\/div>\n<\/div>\n<\/div>\n<\/div>\n<\/div>\n<\/div>\n<\/div>\n<\/div>\n<\/div>\n<\/div>\n<\/div>\n<\/div>\n<\/div>\n<\/div>\n<\/div>\n<\/div>\n<\/div>\n<\/div>\n<\/div>\n<\/div>\n<\/div>\n<\/div>\n<\/div>\n<\/div>\n","protected":false},"excerpt":{"rendered":"<p>Le temps commence \u00e0 se r\u00e9p\u00e9ter comme une mauvaise blague de Tonton Roger \u00e0 un d\u00eener de famille un peu trop arros\u00e9.\u00a0Depuis l\u2019ouverture, le sch\u00e9ma a \u00e9t\u00e9 le suivant: un temps catastrophique au r\u00e9veil o\u00f9 l\u2019on part au briefing le c\u0153ur en peine. Une matin\u00e9e qui se poursuit sur cette lanc\u00e9e et enfonce notre moral [&hellip;]<\/p>\n","protected":false},"author":4,"featured_media":9456,"comment_status":"closed","ping_status":"closed","sticky":false,"template":"","format":"standard","meta":{"_et_pb_use_builder":"","_et_pb_old_content":"","_et_gb_content_width":"","footnotes":""},"categories":[1],"tags":[],"class_list":["post-9455","post","type-post","status-publish","format-standard","has-post-thumbnail","hentry","category-actu"],"_links":{"self":[{"href":"https:\/\/www.pilatre-de-rozier.com\/lmab\/wp-json\/wp\/v2\/posts\/9455","targetHints":{"allow":["GET"]}}],"collection":[{"href":"https:\/\/www.pilatre-de-rozier.com\/lmab\/wp-json\/wp\/v2\/posts"}],"about":[{"href":"https:\/\/www.pilatre-de-rozier.com\/lmab\/wp-json\/wp\/v2\/types\/post"}],"author":[{"embeddable":true,"href":"https:\/\/www.pilatre-de-rozier.com\/lmab\/wp-json\/wp\/v2\/users\/4"}],"replies":[{"embeddable":true,"href":"https:\/\/www.pilatre-de-rozier.com\/lmab\/wp-json\/wp\/v2\/comments?post=9455"}],"version-history":[{"count":2,"href":"https:\/\/www.pilatre-de-rozier.com\/lmab\/wp-json\/wp\/v2\/posts\/9455\/revisions"}],"predecessor-version":[{"id":9459,"href":"https:\/\/www.pilatre-de-rozier.com\/lmab\/wp-json\/wp\/v2\/posts\/9455\/revisions\/9459"}],"wp:featuredmedia":[{"embeddable":true,"href":"https:\/\/www.pilatre-de-rozier.com\/lmab\/wp-json\/wp\/v2\/media\/9456"}],"wp:attachment":[{"href":"https:\/\/www.pilatre-de-rozier.com\/lmab\/wp-json\/wp\/v2\/media?parent=9455"}],"wp:term":[{"taxonomy":"category","embeddable":true,"href":"https:\/\/www.pilatre-de-rozier.com\/lmab\/wp-json\/wp\/v2\/categories?post=9455"},{"taxonomy":"post_tag","embeddable":true,"href":"https:\/\/www.pilatre-de-rozier.com\/lmab\/wp-json\/wp\/v2\/tags?post=9455"}],"curies":[{"name":"wp","href":"https:\/\/api.w.org\/{rel}","templated":true}]}}