{"id":9460,"date":"2019-07-30T10:34:20","date_gmt":"2019-07-30T09:34:20","guid":{"rendered":"http:\/\/www.pilatre-de-rozier.com\/lmab\/?p=9460"},"modified":"2019-07-31T10:37:34","modified_gmt":"2019-07-31T09:37:34","slug":"j4-lonirisme-devenue-realite","status":"publish","type":"post","link":"https:\/\/www.pilatre-de-rozier.com\/lmab\/2019\/07\/30\/j4-lonirisme-devenue-realite\/","title":{"rendered":"J+4 &#8211; L&rsquo;onirisme devenue r\u00e9alit\u00e9"},"content":{"rendered":"<div class=\"page\" title=\"Page 1\">\n<div class=\"layoutArea\">\n<div class=\"column\">\n<p>En ce lundi 29 juillet, nous n\u2019avons pas battu notre record du monde de 456 ballons align\u00e9s. Malgr\u00e9 tout, nous avons conserv\u00e9 ce record, encore aujourd\u2019hui in\u00e9gal\u00e9. Mais au final, cela a presque \u00e9t\u00e9 un d\u00e9tail dans la journ\u00e9e. L\u2019envol fut un instant tellement merveilleux que tout le monde a vite oubli\u00e9 notre huissier tandis que les ballons entamaient leur ballet a\u00e9rien. Nombre d\u2019entre nous n\u2019avaient jamais eu l\u2019opportunit\u00e9 de pouvoir observer un vol d\u2019une telle beaut\u00e9. \u00c0 peine le soleil avait-il point\u00e9 le bout de son nez qu\u2019il nous a offert un lever tout en nuances ros\u00e9es et orang\u00e9es. Puis le ciel s\u2019est rev\u00eatu d\u2019un bleu pastel faisant ressortir la lumi\u00e8re dor\u00e9e du soleil. Tandis que les montgolfi\u00e8res se dressaient fi\u00e8rement, la brume les a recouvert de son voile humide comme pour mieux les d\u00e9voiler. Rarement l\u2019atmosph\u00e8re avait \u00e9t\u00e9 aussi onirique sur cette base de Chambley. Et, soudain, alors que nos ballons commencent leur ascension, la brume dispara\u00eet, laissant place \u00e0 une lumi\u00e8re rayonnante et chaleureuse. C\u2019est une explosion de couleurs qui a pris vie autour et au-dessus de nous. On ne savait plus o\u00f9 donner de la t\u00eate. Impossible de savoir combien de temps le spectacle a dur\u00e9. Comme toujours \u00e0 Chambley, le temps s\u2019est fig\u00e9 pour mieux observer les ballons danser. On raconte m\u00eame que de nombreux yeux brillaient d\u2019\u00e9motion, y compris du c\u00f4t\u00e9 de nos vieux habitu\u00e9s.<\/p>\n<p>&nbsp;<\/p>\n<\/div>\n<p><iframe data-src=\"\/\/www.youtube.com\/embed\/DQ3qLbiYZ54\" width=\"560\" height=\"314\" src=\"data:image\/svg+xml;base64,PHN2ZyB3aWR0aD0iMSIgaGVpZ2h0PSIxIiB4bWxucz0iaHR0cDovL3d3dy53My5vcmcvMjAwMC9zdmciPjwvc3ZnPg==\" class=\"lazyload\" data-load-mode=\"1\"><\/iframe><\/p>\n<div class=\"column\">\n<h4>Pilotes &#8211; Le ciel pour eux seuls<\/h4>\n<div class=\"page\" title=\"Page 2\">\n<div class=\"section\">\n<div class=\"layoutArea\">\n<div class=\"column\">\n<p>Lors de la Grande Ligne hier matin, il est probable que votre \u0153il ait \u00e9t\u00e9 attir\u00e9 par une montgolfi\u00e8re en forme de kangourou. Ce ballon &#8211; outre l\u2019originalit\u00e9 de sa forme &#8211; dispose d\u2019une caract\u00e9ristique sp\u00e9ciale : il s\u2019agit d\u2019un cloudhopper, autrement dit une montgolfi\u00e8re sans nacelle dans laquelle le pilote est assis dans un harnais et est accroch\u00e9 \u00e0 une bouteille de gaz. Cet appareil est g\u00e9n\u00e9ralement plus l\u00e9ger, ce qui change un peu l\u2019exp\u00e9rience de vol pour le pilote et lui permet d\u2019admirer seul l\u2019immensit\u00e9 du ciel. Sur la manifestation, une dizaine de pilotes disposent d\u2019un cloudhopper, qu\u2019ils utilisent la plupart du temps comme second ballon pour varier les plaisirs en passant d\u2019une exp\u00e9rience de vol collective \u00e0 une exp\u00e9rience en solitaire.<\/p>\n<h4>Pilotes &#8211; Une station de gaz unique au monde<\/h4>\n<div class=\"page\" title=\"Page 2\">\n<div class=\"section\">\n<div class=\"layoutArea\">\n<div class=\"column\">\n<p>Comment les ballons \u00e0 air chaud pourraient-ils voler sans gaz ? Eh bien ils ne le pourraient pas. Heureusement pour nous, le site de Chambley a la chance de b\u00e9n\u00e9ficier d\u2019une station gaz. La plus grande au monde \u00e0 vrai dire ! Elle contient 150 points de piquetage, ce qui est tr\u00e8s pratique pour les pilotes. Cette station a vu le jour en 2011, financ\u00e9e et lou\u00e9e par la R\u00e9gion Grand Est pour le Mondial. Elle est utilisable et utilis\u00e9e toute l\u2019ann\u00e9e et respecte toutes les normes de s\u00e9curit\u00e9. Le fournisseur du site est Primagaz et cette ann\u00e9e, pour la premi\u00e8re fois, les pilotes utilisent pour faire voler leur ballon du biopropane (biogaz). Cette grande fiert\u00e9 du GEMAB permet de r\u00e9duire de 80% le rejet dans l\u2019atmosph\u00e8re. Ce biogaz est issu d\u2019\u00e9nergie renouvelable, de d\u00e9chets industriels ainsi que de la m\u00e9thanisation. Un autre point positif qui contribue au respect de l\u2019environnement.<\/p>\n<h4>Partenaires &#8211;\u00a0<span style=\"font-family: inherit;font-size: inherit;font-style: inherit\">Le Lab, un espace aux multiples\u00a0<\/span><span style=\"font-family: inherit;font-size: inherit;font-style: inherit\">facettes<\/span><\/h4>\n<div class=\"page\" title=\"Page 2\">\n<div class=\"section\">\n<div class=\"layoutArea\">\n<div class=\"column\">\n<p>Lors du dernier num\u00e9ro de l\u2019A\u00e9rofil, nous vous avions parl\u00e9 des conf\u00e9rences qui ont lieu tous les jours \u00e0 17h dans le LAB\u2019 Caisse d\u2019Epargne. Ce n\u2019est pas la seule d\u00e9couverte que vous ferez dans cet espace dynamique au c\u0153ur du village partenaire ! Tous les jours, dans l\u2019apr\u00e8s-midi, vous aurez l\u2019occasion de rencontrer les exposants qui y sont accueillis, et qui ne sont autres que des starts-up innovantes de notre r\u00e9gion, souvent li\u00e9es au monde du num\u00e9rique. Celles- ci sont invit\u00e9es dans le chapiteau pour vous pr\u00e9senter leur travail et parfois m\u00eame vous faire tester les outils qu\u2019elles d\u00e9veloppent.<\/p>\n<h4>Partenaires &#8211; La vie \u00e0 l&rsquo;am\u00e9ricaine<\/h4>\n<div class=\"page\" title=\"Page 2\">\n<div class=\"section\">\n<div class=\"layoutArea\">\n<div class=\"column\">\n<p>Ce lundi midi, les invit\u00e9s d\u2019honneur du d\u00e9jeuner de presse \u00e9taient des membres de l\u2019association des v\u00e9t\u00e9rans de la base de Chambley, pr\u00e9sid\u00e9e par le seul et l\u2019unique Bob Sisk.\u00a0Ce passionn\u00e9 de basketball a v\u00e9cu sur la base otanienne entre 1954 et 1958. Il a notamment particip\u00e9 \u00e0 la construction de notre tarmac, aujourd\u2019hui si utile ! Cette \u00e9dition du GEMAB marque sa 5\u00e8me venue parmi nous. Bob a tenu \u00e0 nous ramener une photo souvenir de la base \u00e0 son \u00e9poque. Selon PBP, entre 1954 et 2011, certaines parties de la base ont vari\u00e9 de six m\u00e8tres !<\/p>\n<div class=\"page\" title=\"Page 2\">\n<div class=\"section\">\n<div class=\"layoutArea\">\n<div class=\"column\">\n<p>Bob est tr\u00e8s reconnaissant envers Aline et PBP pour avoir cr\u00e9\u00e9 l\u2019A\u00e9roMus\u00e9e, qui ne retrace pas seulement l\u2019histoire de l\u2019a\u00e9rostation, mais aussi celle de la base de Chambley.\u00a0Notre homme \u00e9tait accompagn\u00e9 de Charles Buchanan et de la fille de ce dernier, qui est n\u00e9e sur la base de Chambley dans les ann\u00e9es 60.\u00a0Ce fut un beau moment de partage empli d\u2019une douce nostalgie.<\/p>\n<h4>Public &#8211;\u00a0<span style=\"font-family: inherit;font-size: inherit;font-style: inherit\">Goooood morning Chaaaambley !<\/span><\/h4>\n<div class=\"page\" title=\"Page 3\">\n<div class=\"section\">\n<div class=\"layoutArea\">\n<div class=\"column\">\n<p>Si vous \u00eates d\u00e9j\u00e0 venus \u00e0 Chambley, vous n\u2019avez pas pu passer \u00e0 c\u00f4t\u00e9. Au centre du Boulevard, le fameux podium de la radio vous accompagne tous les jours de 6h00 \u00e0 minuit. Mais \u00e0 quoi ressemble une journ\u00e9e type chez Good Morning Chambley ?<\/p>\n<p>Pour Matthieu, qui coordonne la radio depuis 2015, les nuits sont courtes. Un r\u00e9veil \u00e0 5h40, juste le temps de prendre un petit d\u00e9jeuner, et c\u2019est d\u00e9j\u00e0 l\u2019heure de lancer le fameux \u00ab Goooood morning Chaaaambley ! \u00bb qui marque le d\u00e9but de la journ\u00e9e sur la base \u00e0 6h00. S\u2019en suit une r\u00e9union d\u2019\u00e9quipe avec les trois animateurs K\u00e9vin, Louis et Valentin, pour figer le programme de la journ\u00e9e et les r\u00f4les de chacun. Les animateurs sont tr\u00e8s attentifs au briefing pilote, leur programmation \u00e9tant d\u00e9pendante du vol. Si l\u2019envol est confirm\u00e9, la parade des pilotes est lanc\u00e9e, puis la playlist qui accompagne l\u2019envol du matin est plut\u00f4t calme, et s\u2019adapte au public pr\u00e9sent.<\/p>\n<p>L\u2019apr\u00e8s-midi, la radio ouvre en fonction du nombre de visiteurs qui arpentent le site. Les animateurs travaillent en bin\u00f4me avec le Grand Est pour vous proposer des cadeaux offerts par la r\u00e9gion, les exposants et les partenaires. Avant l\u2019envol, une interview d\u2019un pilote, d\u2019un volontaire et d\u2019un partenaire sont diffus\u00e9es ; apr\u00e8s l\u2019envol du soir, place \u00e0 l\u2019animation des nocturnes. Les animations s\u2019arr\u00eatent \u00e0 21h30 mais la diffusion continue jusqu\u2019\u00e0 minuit.\u00a0La radio, c\u2019est un travail d\u2019\u00e9quipe, et c\u2019est pour cela qu\u2019il ne faut pas oublier les trois r\u00e9gisseurs : Th\u00e9o, Baptiste et Arnaud, qui sont en parfaite synergie avec les animateurs.\u00a0<span style=\"font-family: inherit;font-size: inherit;font-style: inherit\">N\u2019h\u00e9sitez pas et branchez-vous sur la fr\u00e9quence 98.2 ou connectez-vous sur le site de l\u2019\u00e9v\u00e8nement pour \u00e9couter notre radio en ligne.<\/span><\/p>\n<h4>Public &#8211; Une f\u00eate pour tous<\/h4>\n<div class=\"page\" title=\"Page 3\">\n<div class=\"section\">\n<div class=\"layoutArea\">\n<div class=\"column\">\n<p>Maxime a 24 ans, S\u00e9verine 21. Ils sont venus avec l\u2019\u00c9cole de la Vie autonome et sont ce qu\u2019on appelle des \u00ab PMR \u00bb, personnes \u00e0 mobilit\u00e9 r\u00e9duite. Ce lundi 29 juillet, leur r\u00eave de s\u2019envoler en montgolfi\u00e8re trouve cons\u00e9cration gr\u00e2ce au pilote Ren\u00e9 Schmitz et sa formidable \u00e9quipe. Ce dernier dirige un ballon \u00e0 la nacelle un peu sp\u00e9ciale. Elle dispose d\u2019une porte ainsi que d\u2019un si\u00e8ge r\u00e9haussable, qui va permettre \u00e0 S\u00e9verine d\u2019\u00eatre assise en toute qui\u00e9tude et en pouvant voir au dessus de l\u2019habitacle comme si elle se tenait sur ses pieds. Quant \u00e0 Maxime, lui qui peut se tenir debout, il a naturellement trouv\u00e9 sa place dans cette grande nacelle compartiment\u00e9e sp\u00e9cialement pens\u00e9e pour assurer une totale s\u00e9curit\u00e9. Apr\u00e8s un petit temps d\u2019installation, le ballon s\u2019est envol\u00e9, leur offrant un spectacle de toute beaut\u00e9 au milieu du ciel et des bulles color\u00e9es. \u00ab J\u2019aimerais pouvoir toujours voler\u00a0<span style=\"font-family: inherit;font-size: inherit;font-style: inherit\">comme \u00e7a \u00bb a confi\u00e9 Maxime \u00e0 la fin de ce r\u00eave \u00e9veill\u00e9. L\u2019objectif est atteint : rendre l\u2019envol accessible \u00e0 tous et faire vivre un moment inoubliable \u00e0 ces deux belles personnes.<\/span><\/p>\n<h4>Organisation &#8211; Une \u00e9quipe de haut vol !<\/h4>\n<div class=\"page\" title=\"Page 4\">\n<div class=\"section\">\n<div class=\"layoutArea\">\n<div class=\"column\">\n<p>Si la Grande Ligne a pu se passer dans les meilleures conditions et vous \u00e9blouir lundi, ce fut en partie gr\u00e2ce au concours de notre \u00e9quipe de lanceurs. Toujours pr\u00e9sente \u00e0 l\u2019appel en cas d\u2019envol, c\u2019est elle qui s\u2019occupe d\u2019installer les ballons et de transmettre les informations aux pilotes afin qu\u2019ils puissent d\u00e9coller en toute s\u00e9curit\u00e9. Hier, avec plus de 400 ballons sur la piste, leur r\u00f4le \u00e9tait donc plus crucial que jamais. L\u2019\u00e9quipe a d\u00fb s\u2019assurer que les montgolfi\u00e8res soient bien toutes plac\u00e9es sur les diff\u00e9rentes lignes &#8211; sans pour autant \u00eatre trop coll\u00e9es les unes aux autres &#8211; car c\u2019\u00e9tait l\u00e0 la condition sine qua non pour qu\u2019elles soient comptabilis\u00e9es par l\u2019huissier. Un travail colossal qui a n\u00e9cessit\u00e9 la pr\u00e9sence de toute l\u2019\u00e9quipe des 25 lanceurs, ainsi qu\u2019un renfort suppl\u00e9mentaire d\u2019une grande partie de l\u2019\u00e9quipe d\u2019animation.<\/p>\n<h4>Organisation &#8211;\u00a0<span style=\"font-family: inherit;font-size: inherit;font-style: inherit\">Le #GEMAB19 plus proche de vous<\/span><\/h4>\n<\/div>\n<div>\n<div class=\"page\" title=\"Page 4\">\n<div class=\"section\">\n<div class=\"layoutArea\">\n<div class=\"column\">\n<p>Cette ann\u00e9e, le GEMAB renforce sa pr\u00e9sence digitale. Yoann Deschamps est notre community manager de l\u2019\u00e9v\u00e9nement. Sa mission est de g\u00e9rer le contenu diffus\u00e9 par les diff\u00e9rentes pages de l\u2019\u00e9v\u00e9nement. Instagram, Facebook, Twitter, LinkedIn, ainsi que le site web, il est important de susciter de la conversation et de l\u2019interactivit\u00e9 avec le public. Les publications ont une port\u00e9e internationale, les pages du GEMAB ont pour l\u2019instant touch\u00e9 \u00e0 elles seules pr\u00e8s de 3,5 millions de personnes. Le principal axe d\u2019optimisation est la port\u00e9e esth\u00e9tique des posts, avec une priorit\u00e9 donn\u00e9e aux vid\u00e9os courtes et dynamiques, ainsi qu\u2019au r\u00e9seau social Instagram, sur lequel les stories sont un format de plus en plus consomm\u00e9 par la jeune g\u00e9n\u00e9ration.<\/p>\n<p>Le ma\u00eetre mot de Yoann est la r\u00e9activit\u00e9, il faut apporter des r\u00e9ponses rapides aux questions des internautes, qui concernent principalement le fait de savoir si les ballons vont d\u00e9coller ou non, les horaires des envols, ainsi que les animations sur le site.\u00a0N\u2019oubliez pas de nous suivre sur nos diff\u00e9rents comptes et d\u2019utiliser le hashtag #GEMAB19.<\/p>\n<p>&nbsp;<\/p>\n<\/div>\n<\/div>\n<\/div>\n<\/div>\n<\/div>\n<\/div>\n<\/div>\n<\/div>\n<\/div>\n<\/div>\n<\/div>\n<\/div>\n<\/div>\n<\/div>\n<\/div>\n<\/div>\n<\/div>\n<\/div>\n<\/div>\n<\/div>\n<\/div>\n<\/div>\n<\/div>\n<\/div>\n<\/div>\n<\/div>\n<\/div>\n<\/div>\n<\/div>\n<\/div>\n<\/div>\n<\/div>\n<\/div>\n<\/div>\n<\/div>\n<\/div>\n<\/div>\n<\/div>\n<\/div>\n","protected":false},"excerpt":{"rendered":"<p>En ce lundi 29 juillet, nous n\u2019avons pas battu notre record du monde de 456 ballons align\u00e9s. Malgr\u00e9 tout, nous avons conserv\u00e9 ce record, encore aujourd\u2019hui in\u00e9gal\u00e9. Mais au final, cela a presque \u00e9t\u00e9 un d\u00e9tail dans la journ\u00e9e. L\u2019envol fut un instant tellement merveilleux que tout le monde a vite oubli\u00e9 notre huissier tandis [&hellip;]<\/p>\n","protected":false},"author":4,"featured_media":9464,"comment_status":"closed","ping_status":"closed","sticky":false,"template":"","format":"standard","meta":{"_et_pb_use_builder":"","_et_pb_old_content":"","_et_gb_content_width":"","footnotes":""},"categories":[1],"tags":[],"class_list":["post-9460","post","type-post","status-publish","format-standard","has-post-thumbnail","hentry","category-actu"],"_links":{"self":[{"href":"https:\/\/www.pilatre-de-rozier.com\/lmab\/wp-json\/wp\/v2\/posts\/9460","targetHints":{"allow":["GET"]}}],"collection":[{"href":"https:\/\/www.pilatre-de-rozier.com\/lmab\/wp-json\/wp\/v2\/posts"}],"about":[{"href":"https:\/\/www.pilatre-de-rozier.com\/lmab\/wp-json\/wp\/v2\/types\/post"}],"author":[{"embeddable":true,"href":"https:\/\/www.pilatre-de-rozier.com\/lmab\/wp-json\/wp\/v2\/users\/4"}],"replies":[{"embeddable":true,"href":"https:\/\/www.pilatre-de-rozier.com\/lmab\/wp-json\/wp\/v2\/comments?post=9460"}],"version-history":[{"count":2,"href":"https:\/\/www.pilatre-de-rozier.com\/lmab\/wp-json\/wp\/v2\/posts\/9460\/revisions"}],"predecessor-version":[{"id":9468,"href":"https:\/\/www.pilatre-de-rozier.com\/lmab\/wp-json\/wp\/v2\/posts\/9460\/revisions\/9468"}],"wp:featuredmedia":[{"embeddable":true,"href":"https:\/\/www.pilatre-de-rozier.com\/lmab\/wp-json\/wp\/v2\/media\/9464"}],"wp:attachment":[{"href":"https:\/\/www.pilatre-de-rozier.com\/lmab\/wp-json\/wp\/v2\/media?parent=9460"}],"wp:term":[{"taxonomy":"category","embeddable":true,"href":"https:\/\/www.pilatre-de-rozier.com\/lmab\/wp-json\/wp\/v2\/categories?post=9460"},{"taxonomy":"post_tag","embeddable":true,"href":"https:\/\/www.pilatre-de-rozier.com\/lmab\/wp-json\/wp\/v2\/tags?post=9460"}],"curies":[{"name":"wp","href":"https:\/\/api.w.org\/{rel}","templated":true}]}}