{"id":981,"date":"2014-07-23T14:00:13","date_gmt":"2014-07-23T13:00:13","guid":{"rendered":"http:\/\/www.pilatre-de-rozier.com\/lmab\/?p=981"},"modified":"2014-11-19T11:39:04","modified_gmt":"2014-11-19T10:39:04","slug":"visuel-du-lmab-2015","status":"publish","type":"post","link":"https:\/\/www.pilatre-de-rozier.com\/lmab\/2014\/07\/23\/visuel-du-lmab-2015\/","title":{"rendered":"Visuel du LMAB\u00ae 2015"},"content":{"rendered":"<p>\u00ab Nulle part ailleurs&#8230; \u00bb est le slogan du LMAB\u00ae 2015. Vous attendiez le visuel, le voici ! Plus que 365 jours avant le lever de rideau, nous sommes aussi impatients que vous. Bient\u00f4t le site Internet, les pilotes peuvent d\u00e9j\u00e0 s\u2019inscrire depuis le 15 juin. Et pour ceux qui sont en vacances, qui en reviennent, qui vont partir ou qui restent sur place, profitez bien du mois d\u2019ao\u00fbt que nous esp\u00e9rons propice aux vols en montgolfi\u00e8res.<\/p>\n<p><img decoding=\"async\" class=\"aligncenter wp-image-944 lazyload\" title=\"Pil\u00e2tre de Rozier Organisation - Visuel LMAB\u00ae 2015\" data-src=\"http:\/\/62.210.92.201\/lmab\/wp-content\/uploads\/sites\/2\/2014\/10\/Pil\u00e2tre-de-Rozier-Organisation-Visuel-LMAB\u00ae-2015.jpg\" alt=\"\" width=\"593\" height=\"399\" data-srcset=\"https:\/\/www.pilatre-de-rozier.com\/lmab\/wp-content\/uploads\/sites\/2\/2014\/10\/Pil\u00e2tre-de-Rozier-Organisation-Visuel-LMAB\u00ae-2015.jpg 850w, https:\/\/www.pilatre-de-rozier.com\/lmab\/wp-content\/uploads\/sites\/2\/2014\/10\/Pil\u00e2tre-de-Rozier-Organisation-Visuel-LMAB\u00ae-2015-555x373.jpg 555w, https:\/\/www.pilatre-de-rozier.com\/lmab\/wp-content\/uploads\/sites\/2\/2014\/10\/Pil\u00e2tre-de-Rozier-Organisation-Visuel-LMAB\u00ae-2015-768x517.jpg 768w, https:\/\/www.pilatre-de-rozier.com\/lmab\/wp-content\/uploads\/sites\/2\/2014\/10\/Pil\u00e2tre-de-Rozier-Organisation-Visuel-LMAB\u00ae-2015-800x538.jpg 800w, https:\/\/www.pilatre-de-rozier.com\/lmab\/wp-content\/uploads\/sites\/2\/2014\/10\/Pil\u00e2tre-de-Rozier-Organisation-Visuel-LMAB\u00ae-2015-600x404.jpg 600w\" data-sizes=\"(max-width: 593px) 100vw, 593px\" src=\"data:image\/svg+xml;base64,PHN2ZyB3aWR0aD0iMSIgaGVpZ2h0PSIxIiB4bWxucz0iaHR0cDovL3d3dy53My5vcmcvMjAwMC9zdmciPjwvc3ZnPg==\" style=\"--smush-placeholder-width: 593px; --smush-placeholder-aspect-ratio: 593\/399;\" \/><\/p>\n","protected":false},"excerpt":{"rendered":"<p>\u00ab Nulle part ailleurs&#8230; \u00bb est le slogan du LMAB\u00ae 2015. Vous attendiez le visuel, le voici ! Plus que 365 jours avant le lever de rideau, nous sommes aussi impatients que vous. Bient\u00f4t le site Internet, les pilotes peuvent d\u00e9j\u00e0 s\u2019inscrire depuis le 15 juin. Et pour ceux qui sont en vacances, qui en [&hellip;]<\/p>\n","protected":false},"author":4,"featured_media":0,"comment_status":"open","ping_status":"open","sticky":false,"template":"","format":"standard","meta":{"_et_pb_use_builder":"","_et_pb_old_content":"","_et_gb_content_width":"","footnotes":""},"categories":[1],"tags":[],"class_list":["post-981","post","type-post","status-publish","format-standard","hentry","category-actu"],"_links":{"self":[{"href":"https:\/\/www.pilatre-de-rozier.com\/lmab\/wp-json\/wp\/v2\/posts\/981","targetHints":{"allow":["GET"]}}],"collection":[{"href":"https:\/\/www.pilatre-de-rozier.com\/lmab\/wp-json\/wp\/v2\/posts"}],"about":[{"href":"https:\/\/www.pilatre-de-rozier.com\/lmab\/wp-json\/wp\/v2\/types\/post"}],"author":[{"embeddable":true,"href":"https:\/\/www.pilatre-de-rozier.com\/lmab\/wp-json\/wp\/v2\/users\/4"}],"replies":[{"embeddable":true,"href":"https:\/\/www.pilatre-de-rozier.com\/lmab\/wp-json\/wp\/v2\/comments?post=981"}],"version-history":[{"count":2,"href":"https:\/\/www.pilatre-de-rozier.com\/lmab\/wp-json\/wp\/v2\/posts\/981\/revisions"}],"predecessor-version":[{"id":1381,"href":"https:\/\/www.pilatre-de-rozier.com\/lmab\/wp-json\/wp\/v2\/posts\/981\/revisions\/1381"}],"wp:attachment":[{"href":"https:\/\/www.pilatre-de-rozier.com\/lmab\/wp-json\/wp\/v2\/media?parent=981"}],"wp:term":[{"taxonomy":"category","embeddable":true,"href":"https:\/\/www.pilatre-de-rozier.com\/lmab\/wp-json\/wp\/v2\/categories?post=981"},{"taxonomy":"post_tag","embeddable":true,"href":"https:\/\/www.pilatre-de-rozier.com\/lmab\/wp-json\/wp\/v2\/tags?post=981"}],"curies":[{"name":"wp","href":"https:\/\/api.w.org\/{rel}","templated":true}]}}