{"id":985,"date":"2014-07-18T14:00:52","date_gmt":"2014-07-18T13:00:52","guid":{"rendered":"http:\/\/www.pilatre-de-rozier.com\/lmab\/?p=985"},"modified":"2014-11-19T13:55:26","modified_gmt":"2014-11-19T12:55:26","slug":"soleil-revient-les-ballons","status":"publish","type":"post","link":"https:\/\/www.pilatre-de-rozier.com\/lmab\/2014\/07\/18\/soleil-revient-les-ballons\/","title":{"rendered":"Le soleil revient, les ballons aussi"},"content":{"rendered":"<p>La m\u00e9t\u00e9o n\u2019a pas \u00e9t\u00e9 favorable ces derniers jours, mais avec le retour du soleil (et de l\u2019\u00e9t\u00e9), les montgolfi\u00e8res vont r\u00e9apparaitre dans le ciel de Chambley Planet&rsquo;Air. Toujours tr\u00e8s t\u00f4t le matin et tard le soir (pour des raisons de n\u00e9cessit\u00e9 d\u2019atmosph\u00e8re stable). De quoi attendre les quelque 370 jours qui courent avant le lever de rideau du prochain Lorraine Mondial Air Ballons\u00ae.<\/p>\n<p><img decoding=\"async\" class=\"alignnone wp-image-1385 lazyload\" title=\"\u00a9 Ian Taylor\" data-src=\"http:\/\/62.210.92.201\/lmab\/wp-content\/uploads\/sites\/2\/2014\/07\/I.Taylor.jpg\" alt=\"\" width=\"401\" height=\"566\" data-srcset=\"https:\/\/www.pilatre-de-rozier.com\/lmab\/wp-content\/uploads\/sites\/2\/2014\/07\/I.Taylor.jpg 726w, https:\/\/www.pilatre-de-rozier.com\/lmab\/wp-content\/uploads\/sites\/2\/2014\/07\/I.Taylor-354x500.jpg 354w, https:\/\/www.pilatre-de-rozier.com\/lmab\/wp-content\/uploads\/sites\/2\/2014\/07\/I.Taylor-425x600.jpg 425w, https:\/\/www.pilatre-de-rozier.com\/lmab\/wp-content\/uploads\/sites\/2\/2014\/07\/I.Taylor-600x846.jpg 600w\" data-sizes=\"(max-width: 401px) 100vw, 401px\" src=\"data:image\/svg+xml;base64,PHN2ZyB3aWR0aD0iMSIgaGVpZ2h0PSIxIiB4bWxucz0iaHR0cDovL3d3dy53My5vcmcvMjAwMC9zdmciPjwvc3ZnPg==\" style=\"--smush-placeholder-width: 401px; --smush-placeholder-aspect-ratio: 401\/566;\" \/><\/p>\n","protected":false},"excerpt":{"rendered":"<p>La m\u00e9t\u00e9o n\u2019a pas \u00e9t\u00e9 favorable ces derniers jours, mais avec le retour du soleil (et de l\u2019\u00e9t\u00e9), les montgolfi\u00e8res vont r\u00e9apparaitre dans le ciel de Chambley Planet&rsquo;Air. Toujours tr\u00e8s t\u00f4t le matin et tard le soir (pour des raisons de n\u00e9cessit\u00e9 d\u2019atmosph\u00e8re stable). De quoi attendre les quelque 370 jours qui courent avant le [&hellip;]<\/p>\n","protected":false},"author":4,"featured_media":0,"comment_status":"open","ping_status":"open","sticky":false,"template":"","format":"standard","meta":{"_et_pb_use_builder":"","_et_pb_old_content":"","_et_gb_content_width":"","footnotes":""},"categories":[1],"tags":[],"class_list":["post-985","post","type-post","status-publish","format-standard","hentry","category-actu"],"_links":{"self":[{"href":"https:\/\/www.pilatre-de-rozier.com\/lmab\/wp-json\/wp\/v2\/posts\/985","targetHints":{"allow":["GET"]}}],"collection":[{"href":"https:\/\/www.pilatre-de-rozier.com\/lmab\/wp-json\/wp\/v2\/posts"}],"about":[{"href":"https:\/\/www.pilatre-de-rozier.com\/lmab\/wp-json\/wp\/v2\/types\/post"}],"author":[{"embeddable":true,"href":"https:\/\/www.pilatre-de-rozier.com\/lmab\/wp-json\/wp\/v2\/users\/4"}],"replies":[{"embeddable":true,"href":"https:\/\/www.pilatre-de-rozier.com\/lmab\/wp-json\/wp\/v2\/comments?post=985"}],"version-history":[{"count":2,"href":"https:\/\/www.pilatre-de-rozier.com\/lmab\/wp-json\/wp\/v2\/posts\/985\/revisions"}],"predecessor-version":[{"id":1386,"href":"https:\/\/www.pilatre-de-rozier.com\/lmab\/wp-json\/wp\/v2\/posts\/985\/revisions\/1386"}],"wp:attachment":[{"href":"https:\/\/www.pilatre-de-rozier.com\/lmab\/wp-json\/wp\/v2\/media?parent=985"}],"wp:term":[{"taxonomy":"category","embeddable":true,"href":"https:\/\/www.pilatre-de-rozier.com\/lmab\/wp-json\/wp\/v2\/categories?post=985"},{"taxonomy":"post_tag","embeddable":true,"href":"https:\/\/www.pilatre-de-rozier.com\/lmab\/wp-json\/wp\/v2\/tags?post=985"}],"curies":[{"name":"wp","href":"https:\/\/api.w.org\/{rel}","templated":true}]}}